{"id":7285,"date":"2018-02-27T15:20:10","date_gmt":"2018-02-27T14:20:10","guid":{"rendered":"http:\/\/www.lintelligentdabidjan.info\/news\/?p=7285"},"modified":"2018-02-27T15:20:10","modified_gmt":"2018-02-27T14:20:10","slug":"des-militants-endossent-les-griefs-contre-le-rdr-mis-sur-le-dos-de-lopposition-par-bruno-kone","status":"publish","type":"post","link":"https:\/\/www.lintelligentdabidjan.info\/news\/des-militants-endossent-les-griefs-contre-le-rdr-mis-sur-le-dos-de-lopposition-par-bruno-kone\/","title":{"rendered":"Des militants endossent les griefs contre le Rdr mis sur le dos de l&#8217;opposition par Bruno Kon\u00e9"},"content":{"rendered":"<div style=\"text-align: justify;\">Une r\u00e9action du ministre Bruno Kon\u00e9 n&#8217;a pas plu aux militants, samedi dernier \u00e0 Yamoussoukro.<\/div>\n<div style=\"text-align: justify;\">\u00a0R\u00e9agissant \u00a0\u00e0 des critiques acerbes contre le parti et ses dirigeants, \u00a0faites sur le net, et sur la page Facebook du Rdr ,\u00a0le porte-parole du gouvernement\u00a0avait dit que cela \u00e9tait l&#8217;\u0153uvre des partisans de l&#8217;opposition, et non\u00a0des militants du parti. Les militants pr\u00e9sents dans la salle ont d\u00e9sapprouv\u00e9, cette lecture des choses. Lorsque par la suite, le ministre a clarifi\u00e9 sa pens\u00e9, en disant que m\u00eame s&#8217;il peut s&#8217;agir effectivement de militants Rdr, il se trouve que ce genres de critiques sur la place publique, fait l&#8217;affaire de l&#8217;opposition, l&#8217;assistance s&#8217;est alors retrouv\u00e9e en phase avec lui.<\/div>\n","protected":false},"excerpt":{"rendered":"<p>Une r\u00e9action du ministre Bruno Kon\u00e9 n&#8217;a pas plu aux militants, samedi dernier \u00e0 Yamoussoukro. \u00a0R\u00e9agissant \u00a0\u00e0 des critiques acerbes contre le parti et ses dirigeants, \u00a0faites sur le net, et sur la page Facebook du Rdr ,\u00a0le porte-parole du gouvernement\u00a0avait dit que cela \u00e9tait l&#8217;\u0153uvre des partisans de l&#8217;opposition, et non\u00a0des militants du parti. [&hellip;]<\/p>\n","protected":false},"author":2,"featured_media":7286,"comment_status":"closed","ping_status":"closed","sticky":false,"template":"","format":"standard","meta":{"_monsterinsights_skip_tracking":false,"_monsterinsights_sitenote_active":false,"_monsterinsights_sitenote_note":"","_monsterinsights_sitenote_category":0,"footnotes":""},"categories":[17],"tags":[],"class_list":["post-7285","post","type-post","status-publish","format-standard","has-post-thumbnail","hentry","category-politique"],"_links":{"self":[{"href":"https:\/\/www.lintelligentdabidjan.info\/news\/wp-json\/wp\/v2\/posts\/7285","targetHints":{"allow":["GET"]}}],"collection":[{"href":"https:\/\/www.lintelligentdabidjan.info\/news\/wp-json\/wp\/v2\/posts"}],"about":[{"href":"https:\/\/www.lintelligentdabidjan.info\/news\/wp-json\/wp\/v2\/types\/post"}],"author":[{"embeddable":true,"href":"https:\/\/www.lintelligentdabidjan.info\/news\/wp-json\/wp\/v2\/users\/2"}],"replies":[{"embeddable":true,"href":"https:\/\/www.lintelligentdabidjan.info\/news\/wp-json\/wp\/v2\/comments?post=7285"}],"version-history":[{"count":1,"href":"https:\/\/www.lintelligentdabidjan.info\/news\/wp-json\/wp\/v2\/posts\/7285\/revisions"}],"predecessor-version":[{"id":7287,"href":"https:\/\/www.lintelligentdabidjan.info\/news\/wp-json\/wp\/v2\/posts\/7285\/revisions\/7287"}],"wp:featuredmedia":[{"embeddable":true,"href":"https:\/\/www.lintelligentdabidjan.info\/news\/wp-json\/wp\/v2\/media\/7286"}],"wp:attachment":[{"href":"https:\/\/www.lintelligentdabidjan.info\/news\/wp-json\/wp\/v2\/media?parent=7285"}],"wp:term":[{"taxonomy":"category","embeddable":true,"href":"https:\/\/www.lintelligentdabidjan.info\/news\/wp-json\/wp\/v2\/categories?post=7285"},{"taxonomy":"post_tag","embeddable":true,"href":"https:\/\/www.lintelligentdabidjan.info\/news\/wp-json\/wp\/v2\/tags?post=7285"}],"curies":[{"name":"wp","href":"https:\/\/api.w.org\/{rel}","templated":true}]}}