{"id":7299,"date":"2018-02-27T15:38:39","date_gmt":"2018-02-27T14:38:39","guid":{"rendered":"http:\/\/www.lintelligentdabidjan.info\/news\/?p=7299"},"modified":"2018-02-27T15:38:39","modified_gmt":"2018-02-27T14:38:39","slug":"toure-mamadou-porte-parole-du-rdr-initiateur-du-seminaire-nous-avions-une-tres-bonne-communication-lorsque-nous-etions-dans-lopposition","status":"publish","type":"post","link":"https:\/\/www.lintelligentdabidjan.info\/news\/toure-mamadou-porte-parole-du-rdr-initiateur-du-seminaire-nous-avions-une-tres-bonne-communication-lorsque-nous-etions-dans-lopposition\/","title":{"rendered":"Tour\u00e9 Mamadou ( Porte-parole du Rdr, initiateur du s\u00e9minaire ) :  \u00ab Nous avions une tr\u00e8s bonne communication lorsque nous \u00e9tions dans l&#8217;opposition\u00bb"},"content":{"rendered":"<div style=\"text-align: justify;\">Le ministre Tour\u00e9 Mamadou, Secr\u00e9taire g\u00e9n\u00e9ral\u00a0\u00a0d\u00e9l\u00e9gu\u00e9 du Rdr charg\u00e9 de la communication et de la mobilisation, est l&#8217;initiateur , et pr\u00e9sident du comit\u00e9 d&#8217;organisation du s\u00e9minaire de Yamoussoukro.<\/div>\n<p><!--more--><\/p>\n<div style=\"text-align: justify;\">\u00c0 l&#8217;ouverture du s\u00e9minaire,\u00a0\u00a0celui qui est \u00e9galement le porte-parole du Rdr\u00a0\u00a0a assur\u00e9 la Pr\u00e9sidente\u00a0\u00a0du parti, Henriette Dagri Diabat\u00e9 (qu&#8217;il appelle affectueusement &#8220;Tantie&#8221;), que la formation politique\u00a0\u00a0aurait \u00e0 nouveau, des instruments efficaces pour sa communication. Car, selon lui, la communication du parti \u00e9tait la meilleure de la place, au moment o\u00f9 il \u00e9tait encore dans l&#8217;opposition.<b>\u00a0\u00ab\u00a0<\/b>(&#8230;) Nous sommes convaincus que le Rdr nouveau fera jour. Nous sommes convaincus de mettre \u00e0 votre disposition et \u00e0 la disposition de l&#8217;ensemble du parti, des instruments efficaces pour une communication efficiente. Et que l&#8217;ensemble des comp\u00e9tences mobilis\u00e9es, nous permettra d&#8217;avoir un commando \u00e0 votre service et au service du parti. Parce que, Tantie, cela a \u00e9t\u00e9 dit, nous avions une tr\u00e8s bonne communication quand nous \u00e9tions dans l&#8217;opposition. Le Rdr \u00e9tait consid\u00e9r\u00e9 comme \u00e9tant le parti qui avait la meilleure communication \u00e0 cette \u00e9poque. Que s&#8217;est-il pass\u00e9 pour que, \u00e0 l&#8217;exp\u00e9rience de la gestion de l&#8217;\u00c9tat, nous ayons une communication qui pr\u00e9sente des insuffisances\u00a0? (&#8230;) Le Rdr repartira \u00e0 la conqu\u00eate de l&#8217;opinion publique\u00a0\u00bb, a-t-il promis\u00a0\u00a0\u00e0 Direction du parti et aux diff\u00e9rentes d\u00e9l\u00e9gations pr\u00e9sentes. Tour\u00e9 Mamadou n&#8217;a pas manqu\u00e9 de remercier ses collaborateurs \u00abqui ont travaill\u00e9 sur le projet. Une \u00e9quipe soud\u00e9e qui a travaill\u00e9 pendant un mois avec les meilleurs sp\u00e9cialistes en communication de notre parti\u00bb.<\/div>\n<div style=\"text-align: justify;\"><b><br \/>\n<\/b><\/div>\n<div style=\"text-align: justify;\"><b>J-H K<\/b><\/div>\n<p>&nbsp;<\/p>\n","protected":false},"excerpt":{"rendered":"<p>Le ministre Tour\u00e9 Mamadou, Secr\u00e9taire g\u00e9n\u00e9ral\u00a0\u00a0d\u00e9l\u00e9gu\u00e9 du Rdr charg\u00e9 de la communication et de la mobilisation, est l&#8217;initiateur , et pr\u00e9sident du comit\u00e9 d&#8217;organisation du s\u00e9minaire de Yamoussoukro.<\/p>\n","protected":false},"author":2,"featured_media":7300,"comment_status":"closed","ping_status":"closed","sticky":false,"template":"","format":"standard","meta":{"_monsterinsights_skip_tracking":false,"_monsterinsights_sitenote_active":false,"_monsterinsights_sitenote_note":"","_monsterinsights_sitenote_category":0,"footnotes":""},"categories":[17],"tags":[],"class_list":["post-7299","post","type-post","status-publish","format-standard","has-post-thumbnail","hentry","category-politique"],"_links":{"self":[{"href":"https:\/\/www.lintelligentdabidjan.info\/news\/wp-json\/wp\/v2\/posts\/7299","targetHints":{"allow":["GET"]}}],"collection":[{"href":"https:\/\/www.lintelligentdabidjan.info\/news\/wp-json\/wp\/v2\/posts"}],"about":[{"href":"https:\/\/www.lintelligentdabidjan.info\/news\/wp-json\/wp\/v2\/types\/post"}],"author":[{"embeddable":true,"href":"https:\/\/www.lintelligentdabidjan.info\/news\/wp-json\/wp\/v2\/users\/2"}],"replies":[{"embeddable":true,"href":"https:\/\/www.lintelligentdabidjan.info\/news\/wp-json\/wp\/v2\/comments?post=7299"}],"version-history":[{"count":1,"href":"https:\/\/www.lintelligentdabidjan.info\/news\/wp-json\/wp\/v2\/posts\/7299\/revisions"}],"predecessor-version":[{"id":7301,"href":"https:\/\/www.lintelligentdabidjan.info\/news\/wp-json\/wp\/v2\/posts\/7299\/revisions\/7301"}],"wp:featuredmedia":[{"embeddable":true,"href":"https:\/\/www.lintelligentdabidjan.info\/news\/wp-json\/wp\/v2\/media\/7300"}],"wp:attachment":[{"href":"https:\/\/www.lintelligentdabidjan.info\/news\/wp-json\/wp\/v2\/media?parent=7299"}],"wp:term":[{"taxonomy":"category","embeddable":true,"href":"https:\/\/www.lintelligentdabidjan.info\/news\/wp-json\/wp\/v2\/categories?post=7299"},{"taxonomy":"post_tag","embeddable":true,"href":"https:\/\/www.lintelligentdabidjan.info\/news\/wp-json\/wp\/v2\/tags?post=7299"}],"curies":[{"name":"wp","href":"https:\/\/api.w.org\/{rel}","templated":true}]}}