{"id":7328,"date":"2018-03-02T09:22:02","date_gmt":"2018-03-02T08:22:02","guid":{"rendered":"http:\/\/www.lintelligentdabidjan.info\/news\/?p=7328"},"modified":"2018-03-02T09:22:02","modified_gmt":"2018-03-02T08:22:02","slug":"marche-pour-bouba-la-famille-netait-pas-informee","status":"publish","type":"post","link":"https:\/\/www.lintelligentdabidjan.info\/news\/marche-pour-bouba-la-famille-netait-pas-informee\/","title":{"rendered":"Marche pour Bouba : la famille n\u2019\u00e9tait pas inform\u00e9e"},"content":{"rendered":"<p>Des Ivoiriens avaient annonc\u00e9 une manifestation le samedi 3 mars 2018 en hommage au petit Bouba, \u00e0 l\u2019\u00e9tat civil Traor\u00e9 Aboubakar Sidik tu\u00e9 le week-end dernier par un bijoutier nomm\u00e9 Sagno Etienne.<!--more--><\/p>\n<p>Contact\u00e9e mercredi 28 f\u00e9vrier 2018 , la famille du petit Bouba a dit qu\u2019elle n\u2019en \u00e9tait pas encore inform\u00e9e. Konat\u00e9 Boua, fr\u00e8re cadet du p\u00e8re de la victime, a, au nom de la famille, marqu\u00e9 son \u00e9tonnement d\u2019apprendre sur les r\u00e9seaux sociaux la tenue d\u2019une manifestation. Il a pr\u00e9cis\u00e9 que la famille n\u2019avait jamais \u00e9t\u00e9 approch\u00e9e pour une telle entreprise. Il a soutenu par cons\u00e9quent que la famille, sans \u00eatre contre le principe d\u2019une telle action, n\u2019avait donn\u00e9 aucune autorisation \u00e0 cet effet. \u00ab Nous apprenons sur les r\u00e9seaux sociaux qu\u2019il y a des gens qui veulent marcher. Officiellement, la famille n\u2019a pas \u00e9t\u00e9 saisie d\u2019une telle d\u00e9marche, nous n\u2019avons pas statu\u00e9 sur un tel cas. Nous n\u2019avons pas donn\u00e9 notre autorisation \u00bb, a r\u00e9pondu notre interlocuteur. Il avait fait savoir que la famille avait re\u00e7u la visite du maire d\u2019Adjam\u00e9 Youssouf Sylla et de l\u2019artiste D\u00e9bordeau Leekunfa venus t\u00e9moigner leur compassion. Par la suite le Rdr a produit une d\u00e9claration pour exprimer ses condol\u00e9ances, condamner un acte odieux et r\u00e9voltant, et r\u00e9clamer toute la lumi\u00e8re. Depuis l\u2019Allemagne, o\u00f9 il se trouve, Mamadou Koulibaly a pr\u00e9sent\u00e9 ses condol\u00e9ances. Il a d\u00e9nonc\u00e9 un crime rituel qu\u2019il a li\u00e9 au contexte \u00e9lectoral en cours. Selon lui, chaque qu\u2019il y\u2019a des \u00e9lections, des crimes de ce genre apparaissent, parce que les populations ne croient pas en la d\u00e9mocratie, parce que le pouvoir ne favorise pas les r\u00e8gles d\u00e9mocratiques. Pendant ce temps, Bouba a \u00e9t\u00e9 inhum\u00e9 le jeudi 1er mars 2018 \u00e0 Azaguie, en pr\u00e9sence de l\u00e0 ministre Mariatou Koneseydou qui repr\u00e9sentait le gouvernement. Elle a condamn\u00e9 , exprim\u00e9 la compassion du gouvernement, et donn\u00e9 des conseils. Mariatou Kon\u00e9 a \u00e9galement promis une aide psychologique, mais aussi mat\u00e9rielle \u00e0 la famille de Bouba.<\/p>\n<p>Ernest Famin<\/p>\n","protected":false},"excerpt":{"rendered":"<p>Des Ivoiriens avaient annonc\u00e9 une manifestation le samedi 3 mars 2018 en hommage au petit Bouba, \u00e0 l\u2019\u00e9tat civil Traor\u00e9 Aboubakar Sidik tu\u00e9 le week-end dernier par un bijoutier nomm\u00e9 Sagno Etienne.<\/p>\n","protected":false},"author":2,"featured_media":7329,"comment_status":"closed","ping_status":"closed","sticky":false,"template":"","format":"standard","meta":{"_monsterinsights_skip_tracking":false,"_monsterinsights_sitenote_active":false,"_monsterinsights_sitenote_note":"","_monsterinsights_sitenote_category":0,"footnotes":""},"categories":[3],"tags":[],"class_list":["post-7328","post","type-post","status-publish","format-standard","has-post-thumbnail","hentry","category-societe"],"_links":{"self":[{"href":"https:\/\/www.lintelligentdabidjan.info\/news\/wp-json\/wp\/v2\/posts\/7328","targetHints":{"allow":["GET"]}}],"collection":[{"href":"https:\/\/www.lintelligentdabidjan.info\/news\/wp-json\/wp\/v2\/posts"}],"about":[{"href":"https:\/\/www.lintelligentdabidjan.info\/news\/wp-json\/wp\/v2\/types\/post"}],"author":[{"embeddable":true,"href":"https:\/\/www.lintelligentdabidjan.info\/news\/wp-json\/wp\/v2\/users\/2"}],"replies":[{"embeddable":true,"href":"https:\/\/www.lintelligentdabidjan.info\/news\/wp-json\/wp\/v2\/comments?post=7328"}],"version-history":[{"count":1,"href":"https:\/\/www.lintelligentdabidjan.info\/news\/wp-json\/wp\/v2\/posts\/7328\/revisions"}],"predecessor-version":[{"id":7330,"href":"https:\/\/www.lintelligentdabidjan.info\/news\/wp-json\/wp\/v2\/posts\/7328\/revisions\/7330"}],"wp:featuredmedia":[{"embeddable":true,"href":"https:\/\/www.lintelligentdabidjan.info\/news\/wp-json\/wp\/v2\/media\/7329"}],"wp:attachment":[{"href":"https:\/\/www.lintelligentdabidjan.info\/news\/wp-json\/wp\/v2\/media?parent=7328"}],"wp:term":[{"taxonomy":"category","embeddable":true,"href":"https:\/\/www.lintelligentdabidjan.info\/news\/wp-json\/wp\/v2\/categories?post=7328"},{"taxonomy":"post_tag","embeddable":true,"href":"https:\/\/www.lintelligentdabidjan.info\/news\/wp-json\/wp\/v2\/tags?post=7328"}],"curies":[{"name":"wp","href":"https:\/\/api.w.org\/{rel}","templated":true}]}}