{"id":7457,"date":"2018-03-12T10:56:39","date_gmt":"2018-03-12T09:56:39","guid":{"rendered":"http:\/\/www.lintelligentdabidjan.info\/news\/?p=7457"},"modified":"2018-03-12T10:56:39","modified_gmt":"2018-03-12T09:56:39","slug":"aujourdhui-a-10-h-a-lintelligent-dabidjan-grands-moments-de-verites-entre-le-depute-meambly-et-les-journalistes","status":"publish","type":"post","link":"https:\/\/www.lintelligentdabidjan.info\/news\/aujourdhui-a-10-h-a-lintelligent-dabidjan-grands-moments-de-verites-entre-le-depute-meambly-et-les-journalistes\/","title":{"rendered":"Aujourd\u2019hui \u00e0 10 h \u00e0 l\u2019Intelligent d\u2019Abidjan : Grands moments de v\u00e9rit\u00e9s entre le d\u00e9put\u00e9 Meambly et les journalistes"},"content":{"rendered":"<p style=\"text-align: justify;\">Le d\u00e9put\u00e9 de Facobly, Evariste M\u00e9ambly sera face \u00e0 la presse, aujourd\u2019hui lundi 12 mars 2018, au si\u00e8ge du\u00a0 journal l\u2019Intelligent d\u2019Abidjan \u00e0 Cocody.<!--more--><\/p>\n<p style=\"text-align: justify;\">Invit\u00e9 de la r\u00e9daction dudit quotidien, le Pr\u00e9sident du Conseil R\u00e9gional du Gu\u00e9mon saisira l\u2019occasion pour r\u00e9pondre \u00e0 toutes les questions des journalistes sur les sujets brulants de l\u2019actualit\u00e9\u00a0 . Parmi les sujets qui seront abord\u00e9s,\u00a0\u00a0 l\u2019affaire Brice Siesson\u00a0 . Il s\u2019agit en effet de l\u2019affaire du jeune homme d\u00e9c\u00e9d\u00e9\u00a0 fin f\u00e9vrier 2018, apr\u00e8s avoir \u00e9t\u00e9 atteint par balle au domicile du d\u00e9put\u00e9. Une affaire qui a enflamm\u00e9 les r\u00e9seaux sociaux, au point de susciter une r\u00e9action de l\u2019honorable. Pendant les \u00e9changes, il sera aussi question de la r\u00e9conciliation nationale. L\u2019on se souvient que le d\u00e9put\u00e9 de Facobly et pr\u00e9sident du groupe parlementaire \u00ab Agir pour le peuple \u00bb, avait soumis au Pr\u00e9sident de l\u2019Assembl\u00e9 nationale Guillaume Soro, en mars 2017, un projet de loi d\u2019amnistie g\u00e9n\u00e9rale pour tous les acteurs de la crise post-\u00e9lectorale. Lequel projet devrait d\u00e9boucher, selon lui, sur la lib\u00e9ration de tous les prisonniers de la crise post-\u00e9lectorale, le retour des exil\u00e9s politiques du Togo, du Benin, du Ghana etc, la lib\u00e9ration de l\u2019ex-pr\u00e9sident Laurent Gbagbo et de son ministre Charles Bl\u00e9 Goud\u00e9. Il sera \u00e9galement question des \u00e9lections s\u00e9natoriales du 24 mars prochain, mais aussi et surtout, des \u00e9lections locales (municipales et r\u00e9gionales) \u00e0 venir. Des \u00e9lections locales durant lesquelles il a promis accompagner\u00a0 90 candidatures, au nom\u00a0 de son groupe parlementaire . Notamment, les candidats \u00e2g\u00e9s de moins de 55 ans.\u00a0 \u00ab \u201cAgir pour le peuple\u201c ouvre ses portes \u00e0 tous les jeunes candidats ind\u00e9pendants de moins de 50 ans, \u00e0 l\u2019instar de Sawegnon (46 ans), pour les municipales de 2018 et de moins de 55 ans pour les r\u00e9gionales. Car pour nous, l\u2019heure de renouveler la classe politique ivoirienne, \u00e0 travers les 70% de jeunes que compte la population, a sonn\u00e9. En clair, je compte parrainer 10 candidats dans les communes d\u2019Abidjan et 80 \u00e0 l\u2019int\u00e9rieur du pays lors de ces \u00e9lections municipales et r\u00e9gionales 2018\u00bb, avait-il lanc\u00e9.<\/p>\n<p style=\"text-align: justify;\"><strong>J-H K<\/strong><\/p>\n","protected":false},"excerpt":{"rendered":"<p>Le d\u00e9put\u00e9 de Facobly, Evariste M\u00e9ambly sera face \u00e0 la presse, aujourd\u2019hui lundi 12 mars 2018, au si\u00e8ge du\u00a0 journal l\u2019Intelligent d\u2019Abidjan \u00e0 Cocody.<\/p>\n","protected":false},"author":2,"featured_media":7458,"comment_status":"closed","ping_status":"closed","sticky":false,"template":"","format":"standard","meta":{"_monsterinsights_skip_tracking":false,"_monsterinsights_sitenote_active":false,"_monsterinsights_sitenote_note":"","_monsterinsights_sitenote_category":0,"footnotes":""},"categories":[1],"tags":[],"class_list":["post-7457","post","type-post","status-publish","format-standard","has-post-thumbnail","hentry","category-actualites"],"_links":{"self":[{"href":"https:\/\/www.lintelligentdabidjan.info\/news\/wp-json\/wp\/v2\/posts\/7457","targetHints":{"allow":["GET"]}}],"collection":[{"href":"https:\/\/www.lintelligentdabidjan.info\/news\/wp-json\/wp\/v2\/posts"}],"about":[{"href":"https:\/\/www.lintelligentdabidjan.info\/news\/wp-json\/wp\/v2\/types\/post"}],"author":[{"embeddable":true,"href":"https:\/\/www.lintelligentdabidjan.info\/news\/wp-json\/wp\/v2\/users\/2"}],"replies":[{"embeddable":true,"href":"https:\/\/www.lintelligentdabidjan.info\/news\/wp-json\/wp\/v2\/comments?post=7457"}],"version-history":[{"count":1,"href":"https:\/\/www.lintelligentdabidjan.info\/news\/wp-json\/wp\/v2\/posts\/7457\/revisions"}],"predecessor-version":[{"id":7460,"href":"https:\/\/www.lintelligentdabidjan.info\/news\/wp-json\/wp\/v2\/posts\/7457\/revisions\/7460"}],"wp:featuredmedia":[{"embeddable":true,"href":"https:\/\/www.lintelligentdabidjan.info\/news\/wp-json\/wp\/v2\/media\/7458"}],"wp:attachment":[{"href":"https:\/\/www.lintelligentdabidjan.info\/news\/wp-json\/wp\/v2\/media?parent=7457"}],"wp:term":[{"taxonomy":"category","embeddable":true,"href":"https:\/\/www.lintelligentdabidjan.info\/news\/wp-json\/wp\/v2\/categories?post=7457"},{"taxonomy":"post_tag","embeddable":true,"href":"https:\/\/www.lintelligentdabidjan.info\/news\/wp-json\/wp\/v2\/tags?post=7457"}],"curies":[{"name":"wp","href":"https:\/\/api.w.org\/{rel}","templated":true}]}}