{"id":7518,"date":"2018-03-19T09:52:20","date_gmt":"2018-03-19T08:52:20","guid":{"rendered":"http:\/\/www.lintelligentdabidjan.info\/news\/?p=7518"},"modified":"2018-03-19T09:52:20","modified_gmt":"2018-03-19T08:52:20","slug":"eglise-de-la-mission-libanaise-du-sacre-coeur-dadjame-hier-dona-fologo-sidiki-konate-fabrice-sawegnon-yasmina-ouegnin-pleurent-roland-dagher","status":"publish","type":"post","link":"https:\/\/www.lintelligentdabidjan.info\/news\/eglise-de-la-mission-libanaise-du-sacre-coeur-dadjame-hier-dona-fologo-sidiki-konate-fabrice-sawegnon-yasmina-ouegnin-pleurent-roland-dagher\/","title":{"rendered":"\u00c9glise de la mission libanaise du Sacr\u00e9 c\u0153ur d\u2019Adjam\u00e9, hier : Dona Fologo, Sidiki Konat\u00e9, Fabrice Sawegnon, Yasmina Ouegnin\u2026 pleurent Roland Dagher"},"content":{"rendered":"<p style=\"text-align: justify;\">D\u00e9c\u00e9d\u00e9 \u00e0 Abidjan le mercredi 7 mars 2018, Roland Dagher a \u00e9t\u00e9 port\u00e9 en terre le vendredi 16 mars 2018, au cimeti\u00e8re de Williamsville. <!--more--><\/p>\n<p style=\"text-align: justify;\">Apr\u00e8s la lev\u00e9e de corps et la messe de requiem qui ont eu lieu ce m\u00eame vendredi \u00e0 l\u2019\u00e9glise de la mission libanaise du Sacr\u00e9 c\u0153ur d\u2019Adjam\u00e9 en pr\u00e9sence de plusieurs personnalit\u00e9s ivoiriennes et libanaises. Parmi celles-ci, l\u2019on peut citer l\u2019ancien pr\u00e9sident du Conseil \u00e9conomique et social Laurent Dona Fologo, des anciens ministres \u00e0 savoir, Essy Amara et Sidiki Konat\u00e9, du vice-pr\u00e9sident de la Commission \u00e9lectorale ind\u00e9pendante, Gervais Coulibaly, des d\u00e9put\u00e9s tels que Yasmina Ouegnin et Evariste Meambly. Le PDG de Voodoo, Fabrice Sawegnon, est venu lui aussi t\u00e9moigner sa compassion et sa solidarit\u00e9 \u00e0 la famille Dagher. Quant au Pr\u00e9sident Charles Koffi Diby, il a \u00e9t\u00e9 repr\u00e9sent\u00e9 par les conseillers actuels du Conseil \u00e9conomique, social, culturel et environnemental. Ceux-ci ont rendu hommage \u00e0 l\u2019illustre disparu.<\/p>\n<p style=\"text-align: justify;\">Issu d\u2019une famille de grands commer\u00e7ants venus tenter leurs chances en Afrique, Roland Dagher a vu le jour le 8 mai 1952 \u00e0 Bamako, au Mali. Son sens des affaires et son entregent l\u2019am\u00e8nent rapidement \u00e0 c\u00f4toyer les cercles du pouvoir en C\u00f4te d\u2019Ivoire. Dagher l\u2019autodidacte, avait ses entr\u00e9es au palais pr\u00e9sidentiel sous Houphou\u00ebt-Boigny\u2026Au d\u00e9c\u00e8s du \u00ab Vieux \u00bb, il se rapproche du \u00ab Sphinx \u00bb de Daoukro, Henri Konan B\u00e9di\u00e9, qu\u2019il appuiera m\u00eame apr\u00e8s sa chute en 1999 en lan\u00e7ant le Cercle national B\u00e9di\u00e9 (CNB), avant de tomber sous le charme du pr\u00e9sident Laurent Gbagbo, qui le fera nommer au Conseil \u00e9conomique et social comme repr\u00e9sentant de la soci\u00e9t\u00e9 civile. Roland Dagher prenait part aux d\u00e9bats sociopolitiques du pays \u00e0 travers\u00a0 des tribunes dans les journaux. Il\u00a0 faisait montre ainsi\u00a0 de sa fibre patriotique\u00a0 au niveau du\u00a0 processus de paix, de l\u2019\u00e9cole ivoirienne ou encore de l\u2019arm\u00e9e nationale.<\/p>\n<p style=\"text-align: justify;\">Habib Roland Dagher, chevalier et officier de l\u2019Ordre national de C\u00f4te d\u2019Ivoire, ex-Conseiller \u00e9conomique et social, PDG et fondateur de la Compagnie industrielle d\u2019imprimerie en continu, repose \u00e0 jamais \u00e0 Williasmville.<\/p>\n<p style=\"text-align: justify;\">\n<p style=\"text-align: justify;\"><strong>\u00a0M.O avec BEL<\/strong><\/p>\n","protected":false},"excerpt":{"rendered":"<p>D\u00e9c\u00e9d\u00e9 \u00e0 Abidjan le mercredi 7 mars 2018, Roland Dagher a \u00e9t\u00e9 port\u00e9 en terre le vendredi 16 mars 2018, au cimeti\u00e8re de Williamsville.<\/p>\n","protected":false},"author":2,"featured_media":7519,"comment_status":"closed","ping_status":"closed","sticky":false,"template":"","format":"standard","meta":{"_monsterinsights_skip_tracking":false,"_monsterinsights_sitenote_active":false,"_monsterinsights_sitenote_note":"","_monsterinsights_sitenote_category":0,"footnotes":""},"categories":[1],"tags":[],"class_list":["post-7518","post","type-post","status-publish","format-standard","has-post-thumbnail","hentry","category-actualites"],"_links":{"self":[{"href":"https:\/\/www.lintelligentdabidjan.info\/news\/wp-json\/wp\/v2\/posts\/7518","targetHints":{"allow":["GET"]}}],"collection":[{"href":"https:\/\/www.lintelligentdabidjan.info\/news\/wp-json\/wp\/v2\/posts"}],"about":[{"href":"https:\/\/www.lintelligentdabidjan.info\/news\/wp-json\/wp\/v2\/types\/post"}],"author":[{"embeddable":true,"href":"https:\/\/www.lintelligentdabidjan.info\/news\/wp-json\/wp\/v2\/users\/2"}],"replies":[{"embeddable":true,"href":"https:\/\/www.lintelligentdabidjan.info\/news\/wp-json\/wp\/v2\/comments?post=7518"}],"version-history":[{"count":1,"href":"https:\/\/www.lintelligentdabidjan.info\/news\/wp-json\/wp\/v2\/posts\/7518\/revisions"}],"predecessor-version":[{"id":7520,"href":"https:\/\/www.lintelligentdabidjan.info\/news\/wp-json\/wp\/v2\/posts\/7518\/revisions\/7520"}],"wp:featuredmedia":[{"embeddable":true,"href":"https:\/\/www.lintelligentdabidjan.info\/news\/wp-json\/wp\/v2\/media\/7519"}],"wp:attachment":[{"href":"https:\/\/www.lintelligentdabidjan.info\/news\/wp-json\/wp\/v2\/media?parent=7518"}],"wp:term":[{"taxonomy":"category","embeddable":true,"href":"https:\/\/www.lintelligentdabidjan.info\/news\/wp-json\/wp\/v2\/categories?post=7518"},{"taxonomy":"post_tag","embeddable":true,"href":"https:\/\/www.lintelligentdabidjan.info\/news\/wp-json\/wp\/v2\/tags?post=7518"}],"curies":[{"name":"wp","href":"https:\/\/api.w.org\/{rel}","templated":true}]}}