{"id":752,"date":"2016-10-19T00:36:58","date_gmt":"2016-10-18T22:36:58","guid":{"rendered":"http:\/\/www.lintelligentdabidjan.info\/news\/?p=752"},"modified":"2016-10-19T00:36:58","modified_gmt":"2016-10-18T22:36:58","slug":"kongatier-adama-sanogo-en-cote-divoire-sur-20-mille-tuberculeux-45-sont-infectes-du-sida","status":"publish","type":"post","link":"https:\/\/www.lintelligentdabidjan.info\/news\/kongatier-adama-sanogo-en-cote-divoire-sur-20-mille-tuberculeux-45-sont-infectes-du-sida\/","title":{"rendered":"Kongatier Adama Sanogo :  &#8220;En C\u00f4te d\u2019Ivoire sur 20 mille tuberculeux, 4,5% sont infect\u00e9s du SIDA&#8221;"},"content":{"rendered":"<p>L\u2019atelier de restitution des r\u00e9sultats de l\u2019\u00e9tude portant sur l\u2019\u00e9valuation de la mise en \u0153uvre de l\u2019enregistrement et du rapportage de la recherche active cas de tuberculose dans la prise en charge des PPVIH en C\u00f4te d\u2019Ivoire s\u2019est tenu le mercredi 12 octobre 2016. <!--more--><\/p>\n<p> En marge \u00e0 cet atelier,  Kongatier Adama Sanogo, Directeur de la projective, de la planification de l\u2019information sanitaire du minist\u00e8re de la sant\u00e9  et l\u2019hygi\u00e8ne publique s\u2019est confi\u00e9 \u00e0 l\u2019IA. <\/p>\n<p><strong>Expliquez-nous le sens de cette \u00e9tude ?<\/strong><br \/>\nC\u2019est une \u00e9tude qui nous permet d\u2019\u00e9valuer la mise en \u0153uvre  de la recommandation qui a \u00e9t\u00e9 form\u00e9e par le minist\u00e8re de la Sant\u00e9 et l\u2019Hygi\u00e8ne Publique  \u00e0 travers le programme national de lutte contre le SIDA, demandant \u00e0 tous prestataires de sant\u00e9 de proc\u00e9der \u00e0 une recherche de la tuberculose chez tous les patients qui vivent avec le VIH.  Compte tenu de l\u2019importance de la co-infection entre la tuberculose et le VIH\/SIDA. Cette \u00e9tude a permis de constater que cette recommandation est plus ou moins respect\u00e9e par les prestataires de sant\u00e9. Elle nous permet d\u2019avoir une bonne recherche de la tuberculose chez les personnes vivant avec le VIH.<\/p>\n<p><strong>Au terme de cette \u00e9tude, avons-nous des chiffres  d\u00e9sormais sur les cas de tuberculeux vivant avec le VIH\/SIDA ? <\/strong><br \/>\nOui ! Les statistiques sont d\u00e9j\u00e0 connues. Pour l\u2019ann\u00e9e 2015, nous avons proc\u00e9d\u00e9 \u00e0 la recherche active de la Tuberculose chez 20mille personnes. Et nous avons trouv\u00e9 un taux d\u2019infection de l\u2019ordre de 4, 5%. <\/p>\n<p><strong>Que faire pour diminuer ce taux ?<\/strong><br \/>\nLa premi\u00e8re des choses \u00e0 faire est de rechercher chaque fois la tuberculose chez un patient qui vit avec le VIH, compte tenu du fait que la tuberculose est la premi\u00e8re maladie opportuniste et la premi\u00e8re cause de mortalit\u00e9 chez les personnes vivant avec le SIDA. <\/p>\n<p><strong>Est-ce que nous avons de bon espoir, quant \u00e0 la prise en charge des personnes vivant avec le SIDA  et  la tuberculose ?<\/strong><br \/>\nOui, les espoirs sont tr\u00e8s bons parce que la recommandation qui a \u00e9t\u00e9 mise en \u0153uvre permettait de rechercher ces tuberculeux dans un souci de prise en charge. La tuberculose \u00e9tant l\u2019une des causes des \u00e9checs th\u00e9rapeutiques  au niveau des personnes vivant avec le SIDA, il est important de le rep\u00e9rer rapidement. Et donc cela va nous permettre de formuler d\u2019autres recommandations surtout \u00e0 l\u2019endroit des prestataires de sant\u00e9, des deux programmes qui sont impliqu\u00e9s dans cette lutte et des autorit\u00e9s qui nous ont mandat\u00e9 pour mener cette \u00e9tude. <\/p>\n<p><strong>Il y a peu de temps, la C\u00f4te d\u2019Ivoire avait un rang des plus tristes en mati\u00e8re de VIH. Est-ce que le taux de malade a diminu\u00e9?<\/strong><br \/>\nIl y a eu une nette baisse de la pr\u00e9valence en C\u00f4te d\u2019Ivoire qui est aujourd\u2019hui \u00e0 3,5%. Mais, cette pr\u00e9valence demeure \u00e9lev\u00e9e chez certaines populations qui sont dites \u00e0 haut risque. Il faut reconna\u00eetre qu\u2019il y a une nette baisse de la pr\u00e9valence du VIH \/SIDA  en C\u00f4te d\u2019Ivoire. Nous \u00e9tions \u00e0 10% maintenant nous sommes \u00e0 3,5%. Nous avons un taux qui est le r\u00e9sultat de toute la lutte qui a \u00e9t\u00e9 mise en \u0153uvre en C\u00f4te d\u2019Ivoire par le minist\u00e8re de la Sant\u00e9 et de l\u2019Hygi\u00e8ne Publique. <\/p>\n<p><strong>A l\u2019instar de cette \u00e9tude, est-ce qu\u2019il y a d\u2019autres actions pour accompagner ces personnes ?<\/strong><br \/>\nCe que nous esp\u00e9rons, c\u2019est surtout que les recommandations qui seront formul\u00e9s seront mises en \u0153uvre pour permettre de prendre en charge de fa\u00e7on correcte les personnes vivant avec le VIH  et les tuberculeux. <\/p>\n<p>Entretien r\u00e9alis\u00e9 par MB<\/p>\n","protected":false},"excerpt":{"rendered":"<p>L\u2019atelier de restitution des r\u00e9sultats de l\u2019\u00e9tude portant sur l\u2019\u00e9valuation de la mise en \u0153uvre de l\u2019enregistrement et du rapportage de la recherche active cas de tuberculose dans la prise en charge des PPVIH en C\u00f4te d\u2019Ivoire s\u2019est tenu le mercredi 12 octobre 2016.<\/p>\n","protected":false},"author":2,"featured_media":0,"comment_status":"closed","ping_status":"closed","sticky":false,"template":"","format":"standard","meta":{"_monsterinsights_skip_tracking":false,"_monsterinsights_sitenote_active":false,"_monsterinsights_sitenote_note":"","_monsterinsights_sitenote_category":0,"footnotes":""},"categories":[3],"tags":[],"class_list":["post-752","post","type-post","status-publish","format-standard","hentry","category-societe"],"_links":{"self":[{"href":"https:\/\/www.lintelligentdabidjan.info\/news\/wp-json\/wp\/v2\/posts\/752","targetHints":{"allow":["GET"]}}],"collection":[{"href":"https:\/\/www.lintelligentdabidjan.info\/news\/wp-json\/wp\/v2\/posts"}],"about":[{"href":"https:\/\/www.lintelligentdabidjan.info\/news\/wp-json\/wp\/v2\/types\/post"}],"author":[{"embeddable":true,"href":"https:\/\/www.lintelligentdabidjan.info\/news\/wp-json\/wp\/v2\/users\/2"}],"replies":[{"embeddable":true,"href":"https:\/\/www.lintelligentdabidjan.info\/news\/wp-json\/wp\/v2\/comments?post=752"}],"version-history":[{"count":1,"href":"https:\/\/www.lintelligentdabidjan.info\/news\/wp-json\/wp\/v2\/posts\/752\/revisions"}],"predecessor-version":[{"id":753,"href":"https:\/\/www.lintelligentdabidjan.info\/news\/wp-json\/wp\/v2\/posts\/752\/revisions\/753"}],"wp:attachment":[{"href":"https:\/\/www.lintelligentdabidjan.info\/news\/wp-json\/wp\/v2\/media?parent=752"}],"wp:term":[{"taxonomy":"category","embeddable":true,"href":"https:\/\/www.lintelligentdabidjan.info\/news\/wp-json\/wp\/v2\/categories?post=752"},{"taxonomy":"post_tag","embeddable":true,"href":"https:\/\/www.lintelligentdabidjan.info\/news\/wp-json\/wp\/v2\/tags?post=752"}],"curies":[{"name":"wp","href":"https:\/\/api.w.org\/{rel}","templated":true}]}}