{"id":7522,"date":"2018-03-19T09:58:43","date_gmt":"2018-03-19T08:58:43","guid":{"rendered":"http:\/\/www.lintelligentdabidjan.info\/news\/?p=7522"},"modified":"2018-03-19T09:58:43","modified_gmt":"2018-03-19T08:58:43","slug":"celebration-de-la-journee-internationale-de-la-femme-par-la-federation-des-associations-du-worodougou-en-france-euphrasie-kouassi-yao-prone-lunite-et-lentente","status":"publish","type":"post","link":"https:\/\/www.lintelligentdabidjan.info\/news\/celebration-de-la-journee-internationale-de-la-femme-par-la-federation-des-associations-du-worodougou-en-france-euphrasie-kouassi-yao-prone-lunite-et-lentente\/","title":{"rendered":"C\u00e9l\u00e9bration de la Journ\u00e9e Internationale de la Femme par  la F\u00e9d\u00e9ration des Associations du Worodougou en France : Euphrasie Kouassi Yao pr\u00f4ne l\u2019unit\u00e9 et l\u2019entente"},"content":{"rendered":"<p style=\"text-align: justify;\">Dans le cadre de la c\u00e9l\u00e9bration de la Journ\u00e9e Internationale de la Femme, la F\u00e9d\u00e9ration des Associations du Worodougou en France, d\u00e9nomm\u00e9 Worodougou France, a organis\u00e9 une Journ\u00e9e Culturelle de la Femme du Worodougou.<!--more--><\/p>\n<p style=\"text-align: justify;\">C\u2019\u00e9tait\u00a0 le samedi 10 mars 2018 \u00e0 Paris &#8211; 14 Rue PATAY 75013 autour du th\u00e8me\u00a0\u00a0\u00a0 \u2018\u2019Femmes: Solidarit\u00e9 et D\u00e9veloppement\u2019\u2019. Cette\u00a0 activit\u00e9\u00a0\u00a0 avait pour marraine\u00a0 Euphrasie Kouassi Yao, Conseill\u00e8re Sp\u00e9ciale du Pr\u00e9sident de la R\u00e9publique charg\u00e9e du Genre et Coordonnatrice nationale du Compendium des Comp\u00e9tences F\u00e9minines de C\u00f4te d\u2019Ivoire (COCOFCI. L\u2019ex-ministre de la Femme a remerci\u00e9 le Pr\u00e9sident ivoirien Alassane Ouattara pour toutes ses actions en faveur des populations de C\u00f4te d\u2019Ivoire et en particulier en faveur des femmes. Elle\u00a0 a indiqu\u00e9 qu\u2019elle ne pouvait manquer ce rendez-vous de la c\u00e9l\u00e9bration de l\u2019unit\u00e9, de la solidarit\u00e9 et de la multi-culturalit\u00e9.\u00a0 Car\u00a0 la F\u00e9d\u00e9ration Worodougou de France est \u2018\u2019une f\u00e9d\u00e9ration avant-gardiste qui a fait le bon choix. Le choix de s\u2019unir pour gagner. Et, le choix de s\u2019ouvrir aux autres\u2019\u2019, qui , selon elle,\u00a0\u00a0\u00a0 des valeurs que promeut le Programme COCOFCI\u00a0 . Elle a saisi l\u2019opportunit\u00e9 de cette journ\u00e9e culturelle pour sensibiliser les parents du Worodougou et en particulier les femmes sur la n\u00e9cessit\u00e9 d\u2019assurer le suivi scolaire de leurs filles afin qu\u2019elles puissent achever leur cursus scolaire avec des dipl\u00f4mes qui leur permettraient de mieux se prendre en charge et d\u2019acc\u00e9der \u00e0 des postes de responsabilit\u00e9.\u00a0\u00a0 Pour El Hadj M\u00e9thola TRAOR\u00c9 , Pr\u00e9sident de cette f\u00e9d\u00e9ration, , les membres de Worodougou France, par le choix de leur marraine,\u00a0 voudraient\u00a0 b\u00e9n\u00e9ficier des conseils avis\u00e9es pour concr\u00e9tiser le \u2018\u2019Vivre ensemble\u2019\u2019 pr\u00f4n\u00e9 par SEM Alassane OUATTARA car le Compendium\u00a0 regorge en son sein des milliers de femmes issues de toutes ethnies, de toute religion et de tout parti politique autour de l\u2019excellence, la paix et le d\u00e9veloppement. Madame BAKAYOKO Nokrou Mariame, Responsable charg\u00e9e des Affaires Sociales et Culturelles, qui intervenait au nom des femmes du Worodougou France, a\u00a0 remerci\u00e9\u00a0\u00a0\u00a0 Euphrasie Yao\u00a0 d\u2019avoir honor\u00e9\u00a0 sa pr\u00e9sence \u00e0 leur c\u00f4t\u00e9\u00a0 et\u00a0 sollicit\u00e9\u00a0 son appui\u00a0\u00a0 dans l\u2019accompagnement de leurs diff\u00e9rents projets. \u201cQui mieux que vous qui sillonnez le pays profond et le monde entier, et travaillez \u00e0 tous les niveaux pour d\u00e9fendre la cause de la femme, pourrait\u00a0 nous aider \u00e0 atteindre nos objectifs en terme\u00a0 d\u2019autonomisation et de d\u00e9veloppement de leur leadership\u201d a t-elle martel\u00e9.<\/p>\n<p style=\"text-align: justify;\"><strong>OD avec AS<\/strong><\/p>\n","protected":false},"excerpt":{"rendered":"<p>Dans le cadre de la c\u00e9l\u00e9bration de la Journ\u00e9e Internationale de la Femme, la F\u00e9d\u00e9ration des Associations du Worodougou en France, d\u00e9nomm\u00e9 Worodougou France, a organis\u00e9 une Journ\u00e9e Culturelle de la Femme du Worodougou.<\/p>\n","protected":false},"author":2,"featured_media":7523,"comment_status":"closed","ping_status":"closed","sticky":false,"template":"","format":"standard","meta":{"_monsterinsights_skip_tracking":false,"_monsterinsights_sitenote_active":false,"_monsterinsights_sitenote_note":"","_monsterinsights_sitenote_category":0,"footnotes":""},"categories":[3],"tags":[],"class_list":["post-7522","post","type-post","status-publish","format-standard","has-post-thumbnail","hentry","category-societe"],"_links":{"self":[{"href":"https:\/\/www.lintelligentdabidjan.info\/news\/wp-json\/wp\/v2\/posts\/7522","targetHints":{"allow":["GET"]}}],"collection":[{"href":"https:\/\/www.lintelligentdabidjan.info\/news\/wp-json\/wp\/v2\/posts"}],"about":[{"href":"https:\/\/www.lintelligentdabidjan.info\/news\/wp-json\/wp\/v2\/types\/post"}],"author":[{"embeddable":true,"href":"https:\/\/www.lintelligentdabidjan.info\/news\/wp-json\/wp\/v2\/users\/2"}],"replies":[{"embeddable":true,"href":"https:\/\/www.lintelligentdabidjan.info\/news\/wp-json\/wp\/v2\/comments?post=7522"}],"version-history":[{"count":1,"href":"https:\/\/www.lintelligentdabidjan.info\/news\/wp-json\/wp\/v2\/posts\/7522\/revisions"}],"predecessor-version":[{"id":7524,"href":"https:\/\/www.lintelligentdabidjan.info\/news\/wp-json\/wp\/v2\/posts\/7522\/revisions\/7524"}],"wp:featuredmedia":[{"embeddable":true,"href":"https:\/\/www.lintelligentdabidjan.info\/news\/wp-json\/wp\/v2\/media\/7523"}],"wp:attachment":[{"href":"https:\/\/www.lintelligentdabidjan.info\/news\/wp-json\/wp\/v2\/media?parent=7522"}],"wp:term":[{"taxonomy":"category","embeddable":true,"href":"https:\/\/www.lintelligentdabidjan.info\/news\/wp-json\/wp\/v2\/categories?post=7522"},{"taxonomy":"post_tag","embeddable":true,"href":"https:\/\/www.lintelligentdabidjan.info\/news\/wp-json\/wp\/v2\/tags?post=7522"}],"curies":[{"name":"wp","href":"https:\/\/api.w.org\/{rel}","templated":true}]}}