{"id":7611,"date":"2018-03-29T11:03:44","date_gmt":"2018-03-29T09:03:44","guid":{"rendered":"http:\/\/www.lintelligentdabidjan.info\/news\/?p=7611"},"modified":"2018-03-29T11:03:44","modified_gmt":"2018-03-29T09:03:44","slug":"presse-des-journalistes-ivoiriens-lancent-un-prix-cedeao","status":"publish","type":"post","link":"https:\/\/www.lintelligentdabidjan.info\/news\/presse-des-journalistes-ivoiriens-lancent-un-prix-cedeao\/","title":{"rendered":"Presse : Des journalistes ivoiriens lancent un Prix Cedeao"},"content":{"rendered":"<p style=\"text-align: justify;\">L\u2019Organisation des journalistes professionnels de C\u00f4te d\u2019Ivoire (Ojpci) a tenu une conf\u00e9rence de presse le mercredi 28 mars 2018 au\u00a0 foyer polyvalent de Marcory pour annoncer le Prix qu\u2019elle initie.\u00a0<!--more--><\/p>\n<p style=\"text-align: justify;\">\u00c0 cette occasion, Olivier\u00a0 Yro, pr\u00e9sident de l\u2019Ojpci a r\u00e9v\u00e9l\u00e9 que\u00a0 sa structure\u00a0\u00a0 lance le 19 avril 2018 le Prix Cedeao du meilleur journaliste pour la protection de l\u2019environnement et du d\u00e9veloppement durable. Ce lancement, a-t-il dit, aura lieu au si\u00e8ge de ladite institution sous-r\u00e9gionale \u00e0 Cocody et avec l\u2019appui de ses dirigeants.\u00a0 Selon lui, il s\u2019agit d\u2019une comp\u00e9tition ouverte \u00e0 tous les\u00a0 journalistes\u00a0 des\u00a0 15 pays de la\u00a0 Cedeao dont les articles ont\u00a0 \u00e9t\u00e9\u00a0 publi\u00e9s ou les productions (t\u00e9l\u00e9 ou radio) ont \u00e9t\u00e9 diffus\u00e9es en ligne, ind\u00e9pendamment des autres supports traditionnels (radio, t\u00e9l\u00e9visions, imprim\u00e9) depuis novembre 2017. Tous les genres peuvent \u00eatre soumis par les postulants (enqu\u00eates, interviews et reportages).\u00a0 Pour y participer, il faut \u00eatre ressortissant\u00a0 de la Cedeao et y r\u00e9sider. Les productions doivent \u00eatre\u00a0 envoy\u00e9es avant le 30 avril 2018 \u00e0 l\u2019adresse \u2018\u2019prix.cedeaoenvironnement@gmail.com\u2019\u2019.\u00a0\u00a0 Le pr\u00e9sident Yro\u00a0 souligne que ce Prix sera pr\u00e9sent\u00e9 \u00e0 la COP 24 qui aura lieu en d\u00e9cembre 2018 en Pologne. Pour lui, la langue ne sera pas une barri\u00e8re\u00a0 pour ce Prix car\u00a0 le jury est compos\u00e9 de francophones, d\u2019anglophones et de lusophones.<\/p>\n<p style=\"text-align: justify;\">Pour Aboua Gustave, directeur\u00a0 g\u00e9n\u00e9ral de l\u2019environnement et du d\u00e9veloppement durable au minist\u00e8re\u00a0 de la Salubrit\u00e9 de l&#8217;Environnement et du D\u00e9veloppement durable, ce Prix initi\u00e9 pour la protection de l\u2019Environnement est un plus pour la C\u00f4te d\u2019Ivoire, surtout qu\u2019il est accept\u00e9 par les instances de la Cedeao.\u00a0\u00a0 C\u2019est pourquoi, il a promis que\u00a0 le minist\u00e8re ivoirien de la Salubrit\u00e9, de l&#8217;Environnement et du D\u00e9veloppement durable fera en sorte que ce Prix connaisse un\u00a0 succ\u00e8s dans la sous-r\u00e9gion ouest-africaine.<\/p>\n<p style=\"text-align: justify;\">Le vainqueur du Prix gagnera un troph\u00e9e, un million de francs, un mois de formation, un ordinateur portable et un dipl\u00f4me. Le deuxi\u00e8me aura 700 mille francs, une tablette et un dipl\u00f4me de participation. Le troisi\u00e8me, quant \u00e0 lui,\u00a0 va se consoler avec 400 mille francs, un Smartphone et un dipl\u00f4me.<\/p>\n<p style=\"text-align: justify;\"><strong>M. Ouattara<\/strong><\/p>\n<p>&nbsp;<\/p>\n","protected":false},"excerpt":{"rendered":"<p>L\u2019Organisation des journalistes professionnels de C\u00f4te d\u2019Ivoire (Ojpci) a tenu une conf\u00e9rence de presse le mercredi 28 mars 2018 au\u00a0 foyer polyvalent de Marcory pour annoncer le Prix qu\u2019elle initie.\u00a0<\/p>\n","protected":false},"author":2,"featured_media":7612,"comment_status":"closed","ping_status":"closed","sticky":false,"template":"","format":"standard","meta":{"_monsterinsights_skip_tracking":false,"_monsterinsights_sitenote_active":false,"_monsterinsights_sitenote_note":"","_monsterinsights_sitenote_category":0,"footnotes":""},"categories":[1],"tags":[],"class_list":["post-7611","post","type-post","status-publish","format-standard","has-post-thumbnail","hentry","category-actualites"],"_links":{"self":[{"href":"https:\/\/www.lintelligentdabidjan.info\/news\/wp-json\/wp\/v2\/posts\/7611","targetHints":{"allow":["GET"]}}],"collection":[{"href":"https:\/\/www.lintelligentdabidjan.info\/news\/wp-json\/wp\/v2\/posts"}],"about":[{"href":"https:\/\/www.lintelligentdabidjan.info\/news\/wp-json\/wp\/v2\/types\/post"}],"author":[{"embeddable":true,"href":"https:\/\/www.lintelligentdabidjan.info\/news\/wp-json\/wp\/v2\/users\/2"}],"replies":[{"embeddable":true,"href":"https:\/\/www.lintelligentdabidjan.info\/news\/wp-json\/wp\/v2\/comments?post=7611"}],"version-history":[{"count":1,"href":"https:\/\/www.lintelligentdabidjan.info\/news\/wp-json\/wp\/v2\/posts\/7611\/revisions"}],"predecessor-version":[{"id":7613,"href":"https:\/\/www.lintelligentdabidjan.info\/news\/wp-json\/wp\/v2\/posts\/7611\/revisions\/7613"}],"wp:featuredmedia":[{"embeddable":true,"href":"https:\/\/www.lintelligentdabidjan.info\/news\/wp-json\/wp\/v2\/media\/7612"}],"wp:attachment":[{"href":"https:\/\/www.lintelligentdabidjan.info\/news\/wp-json\/wp\/v2\/media?parent=7611"}],"wp:term":[{"taxonomy":"category","embeddable":true,"href":"https:\/\/www.lintelligentdabidjan.info\/news\/wp-json\/wp\/v2\/categories?post=7611"},{"taxonomy":"post_tag","embeddable":true,"href":"https:\/\/www.lintelligentdabidjan.info\/news\/wp-json\/wp\/v2\/tags?post=7611"}],"curies":[{"name":"wp","href":"https:\/\/api.w.org\/{rel}","templated":true}]}}