{"id":789,"date":"2016-10-20T01:12:28","date_gmt":"2016-10-19T23:12:28","guid":{"rendered":"http:\/\/www.lintelligentdabidjan.info\/news\/?p=789"},"modified":"2016-10-20T01:12:28","modified_gmt":"2016-10-19T23:12:28","slug":"mabri-toikeusse-a-propos-de-la-candidature-de-la-cote-divoire-au-siege-de-membre-non-permanent-du-conseil-de-securite-de-lonu-nous-voulons-rendre-a-la-communaute-internationale","status":"publish","type":"post","link":"https:\/\/www.lintelligentdabidjan.info\/news\/mabri-toikeusse-a-propos-de-la-candidature-de-la-cote-divoire-au-siege-de-membre-non-permanent-du-conseil-de-securite-de-lonu-nous-voulons-rendre-a-la-communaute-internationale\/","title":{"rendered":"Mabri Toikeusse \u00e0 propos de la candidature de la C\u00f4te d\u2019Ivoire au si\u00e8ge de membre non permanent du Conseil de s\u00e9curit\u00e9 de l\u2019Onu : &#8220;Nous voulons rendre  \u00e0 la communaut\u00e9 internationale  ce qu\u2019elle nous a donn\u00e9&#8221;"},"content":{"rendered":"<p>Le ministre des Affaires \u00e9trang\u00e8res  Albert Mabri Toikeusse a donn\u00e9 lors d\u2019un entretien sur Onuci-Fm le mardi 18 octobre  les atouts de la C\u00f4te d\u2019Ivoire pour briguer le si\u00e8ge de membre non permanent du Conseil de s\u00e9curit\u00e9 de l\u2019ONU. <!--more--><\/p>\n<p><strong>Le Pr\u00e9sident Alassane Ouattara a proc\u00e8d\u00e9 le 11 octobre dernier au lancement de la campagne  de la C\u00f4te d\u2019Ivoire pour un si\u00e8ge de membre  non permanant du Conseil de s\u00e9curit\u00e9  de  l\u2019ONU pour la p\u00e9riode 2018-2019.  Que vise la C\u00f4te d\u2019Ivoire \u00e0 travers cette candidature ?<\/strong><br \/>\nCe que nous visons, c\u2019est que nous avons \u00e9t\u00e9 toujours un pays avec une voix m\u00e9diane.  Le dialogue pr\u00f4n\u00e9 par la pr\u00e9sident Houphou\u00ebt-Boigny, la recherche obstin\u00e9e de la paix, le fait que nous mettons en avant l\u2019unit\u00e9 et la solidarit\u00e9 sont des atouts pour le monde toujours en qu\u00eate de paix, pour apporter la voie du dialogue et de l\u2019amiti\u00e9 entre les peuples. Ce sont ces valeurs que nous voulons essayer de promouvoir et faire entendre  \u00e0 l\u2019ONU, au niveau du Conseil de s\u00e9curit\u00e9.  Nous savons que la communaut\u00e9 internationale, les Nations Unies nous ont beaucoup apport\u00e9 \u00e0  l\u2019occasion de la crise que nous avons connu. En retour, nous voulons rendre  \u00e0 la communaut\u00e9 internationale  ce qu\u2019elle nous a donn\u00e9 notamment, sa participation  \u00e0 tous les efforts qui ont contribu\u00e9 \u00e0 la  pacification  de notre pays. <\/p>\n<p><strong>Quels sont les atouts de la C\u00f4te d\u2019Ivoire pour pouvoir  briguer  ce si\u00e8ge? <\/strong><br \/>\nC\u2019est un pays de vielle tradition de paix et de dialogue.   La c\u00f4te d\u2019Ivoire amie de tous, ennemie  de personne. Tout le monde le sait depuis les ann\u00e9es de nos ind\u00e9pendances, nous avons par le pass\u00e9 contribu\u00e9 \u00e0 des n\u00e9gociations en Afrique et  dans le monde \u00e0 travers  le pr\u00e9sident Houphou\u00ebt Boigny.  Donc, il y a cette tradition qui s\u2019est install\u00e9e. Je voudrais dire \u00e9galement que, nous sommes actuellement membre de la Commission des droits de l\u2019homme des Nations Unies , avec une riche exp\u00e9rience, nous avons des diplomates chevronn\u00e9s , nous avons un chef d\u2019Etat dont la voix porte haut.  Au  niveau de la sous r\u00e9gion, il l\u2019a d\u00e9montr\u00e9  lors de la crise au   Mali , lorsqu\u2019il pr\u00e9sidait aux destin\u00e9s de la CEDEAO. Donc, ce sont tous ces atouts que nous voulons mettre au service des Nations Unis , de la communaut\u00e9 internationale,  au service de la paix  et du dialogue des cultures   entre les hommes  . <\/p>\n<p><strong>Le Pr\u00e9sident ivoirien affirme avoir le soutien de l\u2019Union Africaine et de la CEDEAO, alors quels sont les prochains partenaires ?<\/strong><br \/>\nEvidemment, il y a le P5, les pays membres permanant du Conseil de s\u00e9curit\u00e9 avec lesquelles nous avons entam\u00e9 le dialogue depuis longtemps, qui nous appuient  tous et qui nous  l\u2019ont  d\u00e9clar\u00e9.  Nous avons aussi les organisations non africaines auxquelles nous appartenons en dehors des Nations Unies et  avec lesquelles  nous participons   au  sommet Afrique-Europe. Donc, il y a un dialogue avec les europ\u00e9ens  dans le cadre duquel nous allons promouvoir notre candidature. Nous appartenons \u00e0 des organisations telles que l\u2019organisation de la coop\u00e9ration Islamique et l\u00e0 bas aussi, nous devons faire en sorte que l\u2019ensemble des membres  nous accompagnent. Il y a \u00e9galement  la francophonie. Ce sont ces partenaires \u00e0 qui nous devons parler et \u00e0 leur tour, vont relayer notre message aupr\u00e8s des autres Etats auxquels nous n\u2019avons pas directement acc\u00e8s <\/p>\n<p><strong>Ministre des affaires \u00e9trang\u00e8res quel cr\u00e9dit accordez-vous \u00e0 la diplomatie  \u00e9conomique dans les relations ? <\/strong><br \/>\nC\u2019est important. D\u2019ailleurs, c\u2019est un atout majeur pour la C\u00f4te d\u2019Ivoire. Vous savez bien le poids \u00e9conomique que nous avons  au niveau de l\u2019UEMOA, de la CEDEAO et  au plan mondial avec notre position de premier producteur de Cacao et de noix de Cajou au monde et premier producteur africain dans  pr\u00e9s de  5  produits . Nous avons  des atouts majeurs et nous pouvons peser sur l\u2019\u00e9conomie du monde. Il faut que nous nous en donnions les moyens , que nous fassions en sorte que notre position   en tant que producteur de Cacao fascine et nous donne des ressources pour pouvoir faire entendre notre voix au plan \u00e9conomique.  C\u2019est une \u00e9tape que nous n\u2019avons pas encore franchie. C\u2019est pour cela que  l\u2019\u00e9co- diplomatie est au c\u0153ur de la strat\u00e9gie de la C\u00f4te d\u2019Ivoire. C\u2019est pour cela que nous avons r\u00e9ussi en l\u2019espace de quelques ann\u00e9es \u00e0 faire  revenir de nombreux investisseurs en  C\u00f4te d\u2019Ivoire  et nous faisons en sorte aujourd\u2019hui qu\u2019Abidjan devienne progressivement une  plateforme financi\u00e8re. Le pr\u00e9sident a pris des dispositions  y compris dans la constitution.   Ce  sont les atouts qu\u2019ils faut valoriser , le minist\u00e8re essaie de renforcer les capacit\u00e9s de ses diplomates. Dans ce cadre, nous lan\u00e7ons bient\u00f4t le programme diplomatie et d\u00e9veloppement. <\/p>\n<p><strong>Que pensez-vous du retrait de la mission de l\u2019ONU en C\u00f4te d\u2019ivoire qui est pr\u00e9vu pour la fin du mois de juin 2017?<\/strong><br \/>\nC\u2019est l\u2019indicateur   que tout se passe bien avec  les Nations Unies.  Et nous avons dit que cette mission doit bien se terminer.   La fin, les termes ont \u00e9t\u00e9 n\u00e9goci\u00e9s ensemble. Tout indique qu\u2019il va avoir une signature entre le gouvernement et le  secr\u00e9taire  g\u00e9n\u00e9ral qui va arriver ici. Je crois que c\u2019est une excellente chose que cette mission prenne  fin au moment o\u00f9 la C\u00f4te d\u2019Ivoire retrouve la stabilit\u00e9,  la voie du d\u00e9veloppement.<\/p>\n<p>Retranscris par A.S<\/p>\n","protected":false},"excerpt":{"rendered":"<p>Le ministre des Affaires \u00e9trang\u00e8res Albert Mabri Toikeusse a donn\u00e9 lors d\u2019un entretien sur Onuci-Fm le mardi 18 octobre les atouts de la C\u00f4te d\u2019Ivoire pour briguer le si\u00e8ge de membre non permanent du Conseil de s\u00e9curit\u00e9 de l\u2019ONU.<\/p>\n","protected":false},"author":2,"featured_media":790,"comment_status":"closed","ping_status":"closed","sticky":false,"template":"","format":"standard","meta":{"footnotes":""},"categories":[17],"tags":[],"class_list":["post-789","post","type-post","status-publish","format-standard","has-post-thumbnail","hentry","category-politique"],"_links":{"self":[{"href":"https:\/\/www.lintelligentdabidjan.info\/news\/wp-json\/wp\/v2\/posts\/789","targetHints":{"allow":["GET"]}}],"collection":[{"href":"https:\/\/www.lintelligentdabidjan.info\/news\/wp-json\/wp\/v2\/posts"}],"about":[{"href":"https:\/\/www.lintelligentdabidjan.info\/news\/wp-json\/wp\/v2\/types\/post"}],"author":[{"embeddable":true,"href":"https:\/\/www.lintelligentdabidjan.info\/news\/wp-json\/wp\/v2\/users\/2"}],"replies":[{"embeddable":true,"href":"https:\/\/www.lintelligentdabidjan.info\/news\/wp-json\/wp\/v2\/comments?post=789"}],"version-history":[{"count":1,"href":"https:\/\/www.lintelligentdabidjan.info\/news\/wp-json\/wp\/v2\/posts\/789\/revisions"}],"predecessor-version":[{"id":791,"href":"https:\/\/www.lintelligentdabidjan.info\/news\/wp-json\/wp\/v2\/posts\/789\/revisions\/791"}],"wp:featuredmedia":[{"embeddable":true,"href":"https:\/\/www.lintelligentdabidjan.info\/news\/wp-json\/wp\/v2\/media\/790"}],"wp:attachment":[{"href":"https:\/\/www.lintelligentdabidjan.info\/news\/wp-json\/wp\/v2\/media?parent=789"}],"wp:term":[{"taxonomy":"category","embeddable":true,"href":"https:\/\/www.lintelligentdabidjan.info\/news\/wp-json\/wp\/v2\/categories?post=789"},{"taxonomy":"post_tag","embeddable":true,"href":"https:\/\/www.lintelligentdabidjan.info\/news\/wp-json\/wp\/v2\/tags?post=789"}],"curies":[{"name":"wp","href":"https:\/\/api.w.org\/{rel}","templated":true}]}}