{"id":8,"date":"2016-09-30T23:50:01","date_gmt":"2016-09-30T21:50:01","guid":{"rendered":"http:\/\/www.lintelligentdabidjan.info\/news\/?p=8"},"modified":"2018-09-25T15:13:15","modified_gmt":"2018-09-25T13:13:15","slug":"journee-de-la-retraite-active-mme-bedie-honore-les-retraites-et-les-personnes-du-3eme-age","status":"publish","type":"post","link":"https:\/\/www.lintelligentdabidjan.info\/news\/journee-de-la-retraite-active-mme-bedie-honore-les-retraites-et-les-personnes-du-3eme-age\/","title":{"rendered":"<h1>Journ\u00e9e de la retraite active Mme B\u00e9di\u00e9 honore les retrait\u00e9s et les personnes du 3\u00e8me \u00e2ge<\/h1>"},"content":{"rendered":"<p>A l\u2019initiative du Fonds international pour le d\u00e9veloppement de la retraite active (FIDRA), le palais de la culture a abrit\u00e9 le jeudi 29 septembre 2016, la 3\u00e8me \u00e9dition de la Journ\u00e9e de la retraite active.<!--more--> Marraine de cette \u00e9dition, Mme Henriette Konan B\u00e9di\u00e9, l\u2019\u00e9pouse du pr\u00e9sident du PDCI et retrait\u00e9e de son \u00e9tat, a exprim\u00e9 sa reconnaissance \u00e0 l\u2019ensemble des retrait\u00e9s de C\u00f4te d\u2019Ivoire pour \u00abavoir accompli leur part dans l\u2019immense \u0153uvre de construction de la C\u00f4te d\u2019Ivoire\u00bb. Elle a traduit cette reconnaissance \u00e0 travers la remise d\u2019une somme de 3 millions de FCFA au Fonds international pour le d\u00e9veloppement de la retraite active, en guise de soutien aux actions de cette structure. Devant un parterre de personnes du 3\u00e8me \u00e2ge, mais aussi de jeunes, Mme B\u00e9di\u00e9 a salu\u00e9 le courage de tous ceux qui ont \u00e9t\u00e9 admis \u00e0 faire valoir leur droit \u00e0 la retraite, apr\u00e8s avoir servi l\u2019Etat de C\u00f4te d\u2019Ivoire : \u00abC\u2019est notre journ\u00e9e \u00e0 nous tous. Vous avez m\u00e9rit\u00e9 de la nation ivoirienne et l\u2019exemple de votre d\u00e9vouement sert de boussole \u00e0 vos enfants et petits-enfants. Mais la vie ne s\u2019arr\u00eate pas \u00e0 la retraite. Elle continue et de nombreux autres d\u00e9fis passionnants vous attendent. Vous avez rajeuni parce que vous avez retrouss\u00e9 vos manches pour de nouveaux projets. C\u2019est pourquoi je suis venue partager ma foi en l\u2019\u00eatre humain, particuli\u00e8rement en l\u2019homme \u00e0 la retraite\u00bb. La marraine de cette journ\u00e9e a \u00e9galement f\u00e9licit\u00e9 Mme H\u00e9l\u00e8ne Diarra, PDG du FIDRA, dont les actions ont permis de restaurer la dignit\u00e9 des personnes retrait\u00e9es. \u00ab Vous vous \u00eates bonifi\u00e9s \u00e0 la retraite. Vivez votre retraite avec beaucoup d\u2019enthousiasme, c\u2019est une Gr\u00e2ce apr\u00e8s tant d\u2019ann\u00e9es de services. Chacun de vous a une comp\u00e9tence, une exp\u00e9rience que vous devez f\u00e9d\u00e9rer pour \u00eatre les animateurs de l\u2019Universit\u00e9 du 3\u00e8me \u00e2ge dont nous avons lanc\u00e9 les activit\u00e9s les 21 et 22 septembre 2016\u00bb, a exhort\u00e9 Mme H\u00e9l\u00e8ne Diarra. Avant de quitter le palais de la culture, Mme B\u00e9di\u00e9 a visit\u00e9 les stands am\u00e9nag\u00e9s pour la circonstance.<br \/>\nOlivier Dion<\/p>\n<div class=\"fb-comments\" data-width=\"728\" data-numposts=\"50\"><\/div>\n","protected":false},"excerpt":{"rendered":"<p>A l\u2019initiative du Fonds international pour le d\u00e9veloppement de la retraite active (FIDRA), le palais de la culture a abrit\u00e9 le jeudi 29 septembre 2016, la 3\u00e8me \u00e9dition de la Journ\u00e9e de la retraite active.<\/p>\n","protected":false},"author":1,"featured_media":9,"comment_status":"closed","ping_status":"closed","sticky":false,"template":"","format":"standard","meta":{"_monsterinsights_skip_tracking":false,"_monsterinsights_sitenote_active":false,"_monsterinsights_sitenote_note":"","_monsterinsights_sitenote_category":0,"footnotes":""},"categories":[2,3],"tags":[],"class_list":["post-8","post","type-post","status-publish","format-standard","has-post-thumbnail","hentry","category-featured","category-societe"],"_links":{"self":[{"href":"https:\/\/www.lintelligentdabidjan.info\/news\/wp-json\/wp\/v2\/posts\/8","targetHints":{"allow":["GET"]}}],"collection":[{"href":"https:\/\/www.lintelligentdabidjan.info\/news\/wp-json\/wp\/v2\/posts"}],"about":[{"href":"https:\/\/www.lintelligentdabidjan.info\/news\/wp-json\/wp\/v2\/types\/post"}],"author":[{"embeddable":true,"href":"https:\/\/www.lintelligentdabidjan.info\/news\/wp-json\/wp\/v2\/users\/1"}],"replies":[{"embeddable":true,"href":"https:\/\/www.lintelligentdabidjan.info\/news\/wp-json\/wp\/v2\/comments?post=8"}],"version-history":[{"count":3,"href":"https:\/\/www.lintelligentdabidjan.info\/news\/wp-json\/wp\/v2\/posts\/8\/revisions"}],"predecessor-version":[{"id":9855,"href":"https:\/\/www.lintelligentdabidjan.info\/news\/wp-json\/wp\/v2\/posts\/8\/revisions\/9855"}],"wp:featuredmedia":[{"embeddable":true,"href":"https:\/\/www.lintelligentdabidjan.info\/news\/wp-json\/wp\/v2\/media\/9"}],"wp:attachment":[{"href":"https:\/\/www.lintelligentdabidjan.info\/news\/wp-json\/wp\/v2\/media?parent=8"}],"wp:term":[{"taxonomy":"category","embeddable":true,"href":"https:\/\/www.lintelligentdabidjan.info\/news\/wp-json\/wp\/v2\/categories?post=8"},{"taxonomy":"post_tag","embeddable":true,"href":"https:\/\/www.lintelligentdabidjan.info\/news\/wp-json\/wp\/v2\/tags?post=8"}],"curies":[{"name":"wp","href":"https:\/\/api.w.org\/{rel}","templated":true}]}}