{"id":812,"date":"2016-10-20T22:47:57","date_gmt":"2016-10-20T20:47:57","guid":{"rendered":"http:\/\/www.lintelligentdabidjan.info\/news\/?p=812"},"modified":"2016-10-21T00:50:47","modified_gmt":"2016-10-20T22:50:47","slug":"daniele-boni-claverie-avec-la-prefet-dabidjan-nous-nous-sommes-separes-en-queue-de-poisson","status":"publish","type":"post","link":"https:\/\/www.lintelligentdabidjan.info\/news\/daniele-boni-claverie-avec-la-prefet-dabidjan-nous-nous-sommes-separes-en-queue-de-poisson\/","title":{"rendered":"Dani\u00e8le Boni Claverie : \u00ab Avec le pr\u00e9fet d&#8217;Abidjan , nous nous sommes s\u00e9par\u00e9s en queue de poisson \u00bb"},"content":{"rendered":"<p>\u00ab Avec le pr\u00e9fet d\u2019Abidjan nous avons rassur\u00e9 sur cette marche qui se voulait d\u2019abord pacifique , nous avons voulu leur faire comprendre et  convaincre que nous n\u2019\u00e9tions anim\u00e9s par aucun esprit  belliqueux et que nous tenions \u00e0 faire notre marche sur   l\u2019itin\u00e9raire propos\u00e9 qui se terminerait \u00e0 la Place de la R\u00e9publique.<br \/>\nLes entretiens se sont deroul\u00e9s  mardi et mercredi. Et hier (Ndlr : mercredi 19 octobre), nous sommes rest\u00e9s longtemps ensemble. Le mot interdiction, n\u2019a jamais \u00e9t\u00e9 prononc\u00e9.   On ne nous a ni confirm\u00e9 ni infirm\u00e9. Mais nous avons compris qu\u2019il y avait des mesures dilatoires qui \u00e9taient en train de se mettre en place.   Lorsque nous avions d\u00e9pos\u00e9 nos courriers , ils les ont r\u00e9ceptionn\u00e9s et ont refus\u00e9 de mettre un accus\u00e9 de r\u00e9ception sur le cahier de transmission. Donc ils peuvent se permettent de dire  qu\u2019ils n\u2019ont jamais \u00e9t\u00e9 inform\u00e9s et qu\u2019ils n\u2019ont jamais re\u00e7u ce courrier.   Nous avons fait preuve d\u2019un esprit de compromis. Nous avions m\u00eame envisag\u00e9 de pouvoir changer  l\u2019itin\u00e9raire. Nous avions compris  leur pr\u00e9occupation de s\u00e9curit\u00e9  par rapport \u00e0 la proximit\u00e9 de la Pr\u00e9sidence de la R\u00e9publique au niveau de la place de la R\u00e9publique. Nous nous sommes donc s\u00e9par\u00e9s en queue de poisson \u00bb.  <\/p>\n<p>H.G <\/p>\n","protected":false},"excerpt":{"rendered":"<p>\u00ab Avec le pr\u00e9fet d\u2019Abidjan nous avons rassur\u00e9 sur cette marche qui se voulait d\u2019abord pacifique , nous avons voulu leur faire comprendre et convaincre que nous n\u2019\u00e9tions anim\u00e9s par aucun esprit belliqueux et que nous tenions \u00e0 faire notre marche sur l\u2019itin\u00e9raire propos\u00e9 qui se terminerait \u00e0 la Place de la R\u00e9publique. Les entretiens [&hellip;]<\/p>\n","protected":false},"author":2,"featured_media":813,"comment_status":"closed","ping_status":"closed","sticky":false,"template":"","format":"standard","meta":{"_monsterinsights_skip_tracking":false,"_monsterinsights_sitenote_active":false,"_monsterinsights_sitenote_note":"","_monsterinsights_sitenote_category":0,"footnotes":""},"categories":[2,1,17],"tags":[],"class_list":["post-812","post","type-post","status-publish","format-standard","has-post-thumbnail","hentry","category-featured","category-actualites","category-politique"],"_links":{"self":[{"href":"https:\/\/www.lintelligentdabidjan.info\/news\/wp-json\/wp\/v2\/posts\/812","targetHints":{"allow":["GET"]}}],"collection":[{"href":"https:\/\/www.lintelligentdabidjan.info\/news\/wp-json\/wp\/v2\/posts"}],"about":[{"href":"https:\/\/www.lintelligentdabidjan.info\/news\/wp-json\/wp\/v2\/types\/post"}],"author":[{"embeddable":true,"href":"https:\/\/www.lintelligentdabidjan.info\/news\/wp-json\/wp\/v2\/users\/2"}],"replies":[{"embeddable":true,"href":"https:\/\/www.lintelligentdabidjan.info\/news\/wp-json\/wp\/v2\/comments?post=812"}],"version-history":[{"count":2,"href":"https:\/\/www.lintelligentdabidjan.info\/news\/wp-json\/wp\/v2\/posts\/812\/revisions"}],"predecessor-version":[{"id":821,"href":"https:\/\/www.lintelligentdabidjan.info\/news\/wp-json\/wp\/v2\/posts\/812\/revisions\/821"}],"wp:featuredmedia":[{"embeddable":true,"href":"https:\/\/www.lintelligentdabidjan.info\/news\/wp-json\/wp\/v2\/media\/813"}],"wp:attachment":[{"href":"https:\/\/www.lintelligentdabidjan.info\/news\/wp-json\/wp\/v2\/media?parent=812"}],"wp:term":[{"taxonomy":"category","embeddable":true,"href":"https:\/\/www.lintelligentdabidjan.info\/news\/wp-json\/wp\/v2\/categories?post=812"},{"taxonomy":"post_tag","embeddable":true,"href":"https:\/\/www.lintelligentdabidjan.info\/news\/wp-json\/wp\/v2\/tags?post=812"}],"curies":[{"name":"wp","href":"https:\/\/api.w.org\/{rel}","templated":true}]}}