{"id":8547,"date":"2018-06-23T11:26:00","date_gmt":"2018-06-23T09:26:00","guid":{"rendered":"http:\/\/www.lintelligentdabidjan.info\/news\/?p=8547"},"modified":"2018-06-23T14:44:23","modified_gmt":"2018-06-23T12:44:23","slug":"limitation-de-lage-des-vehicules-doccasion-importes-en-cote-divoire-a-paris-amadou-kone-rassure-des-manifestants-se-signalent","status":"publish","type":"post","link":"https:\/\/www.lintelligentdabidjan.info\/news\/limitation-de-lage-des-vehicules-doccasion-importes-en-cote-divoire-a-paris-amadou-kone-rassure-des-manifestants-se-signalent\/","title":{"rendered":"Limitation de l\u2019\u00e2ge des v\u00e9hicules d\u2019occasion import\u00e9s en C\u00f4te d\u2019Ivoire : \u00e0 Paris Amadou Kon\u00e9 rassure, des manifestants se signalent"},"content":{"rendered":"<p>Un sit-in contre la mesure de limitation de l&#8217;\u00e2ge d&#8217;importation des v\u00e9hicules d&#8217;occasion, a eu lieu vendredi 23 juin 2018, devant l&#8217;ambassade de la C\u00f4te d&#8217;Ivoire \u00e0 Paris .<!--more--><\/p>\n<p>Selon des t\u00e9moins , une quinzaine de personnes ont pris part \u00e0 la manifestation, qui devait mobiliser plus de monde au sein de la diaspora ivoirienne en France, et m\u00eame en Europe. En pr\u00e9lude \u00e0 la rencontre, le ministre ivoirien des transports, Amadou Kon\u00e9 a eu le mardi 19 juin 2018 \u00e0 l&#8217;ambassade \u00e0 Paris, une r\u00e9union avec une d\u00e9l\u00e9gation de transitaires et d&#8217;exportateurs ivoiriens install\u00e9s en France. Le ministre des transports, avait le souci de prendre en compte les pr\u00e9occupations de ses interlocuteurs, et de demander leurs apports par des contributions au succ\u00e8s de l&#8217;op\u00e9ration. Il avait d\u00e9j\u00e0 entrepris la m\u00eame d\u00e9marche r\u00e9cemment \u00e0 Montr\u00e9al avec les ivoiriens vivant au Canada. Devant ses compatriotes \u00e0 Paris, Amadou Kon\u00e9 a pr\u00e9sent\u00e9 le bien-fond\u00e9 de la mesure qui vise essentiellement \u00e0 pr\u00e9server la sant\u00e9 des populations vivant en C\u00f4te d&#8217;Ivoire et \u00e0 am\u00e9liorer l&#8217;image du secteur du transport routier dans notre pays. Il a r\u00e9affirm\u00e9 l&#8217;engagement du gouvernement \u00e0 tout mettre en oeuvre pour assainir le milieu des transports, principalement celui de l&#8217;importation de v\u00e9hicules d&#8217;occasion, en vue d\u2019assurer un mieux-\u00eatre aux populations. Initialement pr\u00e9vue pour fin mars 2018 , la date de mise en application de la mesure avait \u00e9t\u00e9 report\u00e9e de trois (3) mois \u00e0 l&#8217;issue des n\u00e9gociations au sein d&#8217;un Comit\u00e9 paritaire regroupant les diff\u00e9rents acteurs du secteur (importateurs, transitaires, cosignataires&#8230;) et le Minist\u00e8re des Transports.<\/p>\n<p>C.K avec une correspondance particuli\u00e8re<\/p>\n","protected":false},"excerpt":{"rendered":"<p>Un sit-in contre la mesure de limitation de l&#8217;\u00e2ge d&#8217;importation des v\u00e9hicules d&#8217;occasion, a eu lieu vendredi 23 juin 2018, devant l&#8217;ambassade de la C\u00f4te d&#8217;Ivoire \u00e0 Paris .<\/p>\n","protected":false},"author":2,"featured_media":8548,"comment_status":"closed","ping_status":"closed","sticky":false,"template":"","format":"standard","meta":{"_monsterinsights_skip_tracking":false,"_monsterinsights_sitenote_active":false,"_monsterinsights_sitenote_note":"","_monsterinsights_sitenote_category":0,"footnotes":""},"categories":[2,18],"tags":[],"class_list":["post-8547","post","type-post","status-publish","format-standard","has-post-thumbnail","hentry","category-featured","category-economie"],"_links":{"self":[{"href":"https:\/\/www.lintelligentdabidjan.info\/news\/wp-json\/wp\/v2\/posts\/8547","targetHints":{"allow":["GET"]}}],"collection":[{"href":"https:\/\/www.lintelligentdabidjan.info\/news\/wp-json\/wp\/v2\/posts"}],"about":[{"href":"https:\/\/www.lintelligentdabidjan.info\/news\/wp-json\/wp\/v2\/types\/post"}],"author":[{"embeddable":true,"href":"https:\/\/www.lintelligentdabidjan.info\/news\/wp-json\/wp\/v2\/users\/2"}],"replies":[{"embeddable":true,"href":"https:\/\/www.lintelligentdabidjan.info\/news\/wp-json\/wp\/v2\/comments?post=8547"}],"version-history":[{"count":3,"href":"https:\/\/www.lintelligentdabidjan.info\/news\/wp-json\/wp\/v2\/posts\/8547\/revisions"}],"predecessor-version":[{"id":8556,"href":"https:\/\/www.lintelligentdabidjan.info\/news\/wp-json\/wp\/v2\/posts\/8547\/revisions\/8556"}],"wp:featuredmedia":[{"embeddable":true,"href":"https:\/\/www.lintelligentdabidjan.info\/news\/wp-json\/wp\/v2\/media\/8548"}],"wp:attachment":[{"href":"https:\/\/www.lintelligentdabidjan.info\/news\/wp-json\/wp\/v2\/media?parent=8547"}],"wp:term":[{"taxonomy":"category","embeddable":true,"href":"https:\/\/www.lintelligentdabidjan.info\/news\/wp-json\/wp\/v2\/categories?post=8547"},{"taxonomy":"post_tag","embeddable":true,"href":"https:\/\/www.lintelligentdabidjan.info\/news\/wp-json\/wp\/v2\/tags?post=8547"}],"curies":[{"name":"wp","href":"https:\/\/api.w.org\/{rel}","templated":true}]}}