{"id":855,"date":"2016-10-22T11:06:04","date_gmt":"2016-10-22T09:06:04","guid":{"rendered":"http:\/\/www.lintelligentdabidjan.info\/news\/?p=855"},"modified":"2016-10-22T11:06:04","modified_gmt":"2016-10-22T09:06:04","slug":"promotion-de-la-culture-de-la-paix-sur-les-reseaux-sociaux-une-dizaine-de-journalistes-africains-en-formation-a-yamoussoukro","status":"publish","type":"post","link":"https:\/\/www.lintelligentdabidjan.info\/news\/promotion-de-la-culture-de-la-paix-sur-les-reseaux-sociaux-une-dizaine-de-journalistes-africains-en-formation-a-yamoussoukro\/","title":{"rendered":"Promotion de la Culture de la Paix  sur les R\u00e9seaux Sociaux : Une dizaine de journalistes africains en formation \u00e0 Yamoussoukro"},"content":{"rendered":"<p>L\u2019Organisation Islamique pour l\u2019Education, les Sciences et la Culture (ISESCO) a  organis\u00e9, depuis le jeudi 20 octobre 2016, un stage de formation au Centre R\u00e9gional pour l\u2019Education  \u00e0 la Culture de<!--more--><br \/>\n Paix(CRECP), \u00e0 la Fondation FHB \u00e0 l\u2019intention d\u2019une dizaine de journalistes, venus du Mali, de la Guin\u00e9e, du B\u00e9nin, du Togo et de la C\u00f4te d\u2019Ivoire, autour du th\u00e8me \u00ab L\u2019utilisation des r\u00e9seaux sociaux pour la diffusion de la culture de la paix, du dialogue et de la Tol\u00e9rance  dans les pays du sahel\u00bb. En effet, la progression des communaut\u00e9s virtuelles est fulgurante. Elle ouvre de nouvelles perspectives de dialogue et de partage, de formation ou d\u2019auto-apprentissage \u00e0 travers des r\u00e9seaux sociaux. Ces r\u00e9seaux sociaux sont per\u00e7us comme un moyen d\u2019interp\u00e9n\u00e9tration interculturelle, inter soci\u00e9tale et ayant un pouvoir de mobilisation sans limite.  Ainsi,  \u00e0 l\u2019ouverture de ce stage, selon Dr Di\u00e9n\u00e9ba Doumbia, directrice du d\u00e9partement de la recherche de la paix \u00e0 la fondation par ailleurs, directrice du CREP, il est donc n\u00e9cessaire que l\u2019effet de contagion que cr\u00e9ent ces r\u00e9seaux sociaux soit en faveur de la promotion de la paix. Quant au coordonnateur de l\u2019ISESCO \u2013 UNESCO en C\u00f4te d\u2019Ivoire, M. Sindou Ciss\u00e9, il a exhort\u00e9  l\u2019auditoire \u00e0 f\u00e9d\u00e9rer tous les efforts , \u00ab afin de garantir le droit \u00e0 la diversit\u00e9 culturelle, activer le dialogue entre les civilisations par des proc\u00e9dures concr\u00e8tes et faire fructifier la coop\u00e9ration internationale en mati\u00e8re de culture pour lutter contre le terrorisme, la discrimination et l\u2019islamophobie \u00bb. A travers, des communications, panels et autres pl\u00e9ni\u00e8res qui meubleront  cette session de formation, il s\u2019agit au cours, de ces 48 heures,  \u00e0 l\u2019endroit de ces professionnels de la communication, de  d\u00e9finir les valeurs \u00e9thiques et morales de l\u2019usage des r\u00e9seaux sociaux ; d\u2019instruire sur la n\u00e9cessit\u00e9 d\u2019adapter l\u2019utilisation des TIC aux besoins vitaux de la construction et de la consolidation de la paix dans les communaut\u00e9s locales , r\u00e9gionales, nationales et internationales.<\/p>\n<p> Diallo Harry \u00e0 Yamoussoukro<\/p>\n","protected":false},"excerpt":{"rendered":"<p>L\u2019Organisation Islamique pour l\u2019Education, les Sciences et la Culture (ISESCO) a organis\u00e9, depuis le jeudi 20 octobre 2016, un stage de formation au Centre R\u00e9gional pour l\u2019Education \u00e0 la Culture de<\/p>\n","protected":false},"author":2,"featured_media":0,"comment_status":"closed","ping_status":"closed","sticky":false,"template":"","format":"standard","meta":{"_monsterinsights_skip_tracking":false,"_monsterinsights_sitenote_active":false,"_monsterinsights_sitenote_note":"","_monsterinsights_sitenote_category":0,"footnotes":""},"categories":[3],"tags":[],"class_list":["post-855","post","type-post","status-publish","format-standard","hentry","category-societe"],"_links":{"self":[{"href":"https:\/\/www.lintelligentdabidjan.info\/news\/wp-json\/wp\/v2\/posts\/855","targetHints":{"allow":["GET"]}}],"collection":[{"href":"https:\/\/www.lintelligentdabidjan.info\/news\/wp-json\/wp\/v2\/posts"}],"about":[{"href":"https:\/\/www.lintelligentdabidjan.info\/news\/wp-json\/wp\/v2\/types\/post"}],"author":[{"embeddable":true,"href":"https:\/\/www.lintelligentdabidjan.info\/news\/wp-json\/wp\/v2\/users\/2"}],"replies":[{"embeddable":true,"href":"https:\/\/www.lintelligentdabidjan.info\/news\/wp-json\/wp\/v2\/comments?post=855"}],"version-history":[{"count":1,"href":"https:\/\/www.lintelligentdabidjan.info\/news\/wp-json\/wp\/v2\/posts\/855\/revisions"}],"predecessor-version":[{"id":856,"href":"https:\/\/www.lintelligentdabidjan.info\/news\/wp-json\/wp\/v2\/posts\/855\/revisions\/856"}],"wp:attachment":[{"href":"https:\/\/www.lintelligentdabidjan.info\/news\/wp-json\/wp\/v2\/media?parent=855"}],"wp:term":[{"taxonomy":"category","embeddable":true,"href":"https:\/\/www.lintelligentdabidjan.info\/news\/wp-json\/wp\/v2\/categories?post=855"},{"taxonomy":"post_tag","embeddable":true,"href":"https:\/\/www.lintelligentdabidjan.info\/news\/wp-json\/wp\/v2\/tags?post=855"}],"curies":[{"name":"wp","href":"https:\/\/api.w.org\/{rel}","templated":true}]}}