{"id":8633,"date":"2018-06-30T20:20:37","date_gmt":"2018-06-30T18:20:37","guid":{"rendered":"http:\/\/www.lintelligentdabidjan.info\/news\/?p=8633"},"modified":"2018-07-04T06:53:52","modified_gmt":"2018-07-04T04:53:52","slug":"cote-divoire-la-proprietaire-de-limmeuble-effondre-a-yamoussoukro-arretee","status":"publish","type":"post","link":"https:\/\/www.lintelligentdabidjan.info\/news\/cote-divoire-la-proprietaire-de-limmeuble-effondre-a-yamoussoukro-arretee\/","title":{"rendered":"C\u00f4te d\u2019Ivoire : la propri\u00e9taire de l\u2019immeuble effondr\u00e9 \u00e0 Yamoussoukro arr\u00eat\u00e9e"},"content":{"rendered":"<p>Dame Amnin Rosalie, propri\u00e9taire de l\u2019immeuble qui s\u2019est effondr\u00e9 \u00e0 Yamoussoukro,\u00a0 a \u00e9t\u00e9 arr\u00eat\u00e9 samedi 30 juin 2018 \u00e0 Abengourou, selon une source judiciaire. <!--more--><br \/>\nLe 13 juin, l\u2019immeuble (R+4) en construction au quartier millionnaire de Yamoussoukro, s\u2019\u00e9tait effondr\u00e9 sur les travailleurs, faisant dix morts, et vingt et un bless\u00e9s.<\/p>\n<p>Lors du conseil des ministres tenu le mercredi 27 juin 2018 \u00e0 Yamoussoukro, le porte-parole du gouvernement avait dit ceci sur la question\u00a0: \u00ab\u00a0 \u00c0 ce jour, le nomm\u00e9 Kouassi Benoit Th\u00e9ophile, le maitre d\u2019ouvrage et qui a suivi les travaux\u00a0 a \u00e9t\u00e9 interpell\u00e9 et plac\u00e9 sous mandat de d\u00e9p\u00f4t. Madame, Amnin Rosalie, \u00e9pouse Yobouet, propri\u00e9taire de l\u2019immeuble est en fuite. Elle est recherch\u00e9e. Le concepteur du plan du b\u00e2timent, Monsieur Seka Camille, d\u00e9put\u00e9 est convoqu\u00e9 le 06 juillet prochain devant le juge d\u2019instruction. Il \u00e9tait absent au moment des faits \u00bb.<\/p>\n<p>Par la suite, le directeur r\u00e9gional du minist\u00e8re en charge de la Construction avait \u00e9t\u00e9 relev\u00e9 de ses fonctions.<\/p>\n<div class=\"fb-comments\" data-width=\"728\" data-numposts=\"50\"><\/div>\n","protected":false},"excerpt":{"rendered":"<p>Dame Amnin Rosalie, propri\u00e9taire de l\u2019immeuble qui s\u2019est effondr\u00e9 \u00e0 Yamoussoukro,\u00a0 a \u00e9t\u00e9 arr\u00eat\u00e9 samedi 30 juin 2018 \u00e0 Abengourou, selon une source judiciaire.<\/p>\n","protected":false},"author":2,"featured_media":8634,"comment_status":"closed","ping_status":"closed","sticky":false,"template":"","format":"standard","meta":{"_monsterinsights_skip_tracking":false,"_monsterinsights_sitenote_active":false,"_monsterinsights_sitenote_note":"","_monsterinsights_sitenote_category":0,"footnotes":""},"categories":[2,3],"tags":[],"class_list":["post-8633","post","type-post","status-publish","format-standard","has-post-thumbnail","hentry","category-featured","category-societe"],"_links":{"self":[{"href":"https:\/\/www.lintelligentdabidjan.info\/news\/wp-json\/wp\/v2\/posts\/8633","targetHints":{"allow":["GET"]}}],"collection":[{"href":"https:\/\/www.lintelligentdabidjan.info\/news\/wp-json\/wp\/v2\/posts"}],"about":[{"href":"https:\/\/www.lintelligentdabidjan.info\/news\/wp-json\/wp\/v2\/types\/post"}],"author":[{"embeddable":true,"href":"https:\/\/www.lintelligentdabidjan.info\/news\/wp-json\/wp\/v2\/users\/2"}],"replies":[{"embeddable":true,"href":"https:\/\/www.lintelligentdabidjan.info\/news\/wp-json\/wp\/v2\/comments?post=8633"}],"version-history":[{"count":3,"href":"https:\/\/www.lintelligentdabidjan.info\/news\/wp-json\/wp\/v2\/posts\/8633\/revisions"}],"predecessor-version":[{"id":8684,"href":"https:\/\/www.lintelligentdabidjan.info\/news\/wp-json\/wp\/v2\/posts\/8633\/revisions\/8684"}],"wp:featuredmedia":[{"embeddable":true,"href":"https:\/\/www.lintelligentdabidjan.info\/news\/wp-json\/wp\/v2\/media\/8634"}],"wp:attachment":[{"href":"https:\/\/www.lintelligentdabidjan.info\/news\/wp-json\/wp\/v2\/media?parent=8633"}],"wp:term":[{"taxonomy":"category","embeddable":true,"href":"https:\/\/www.lintelligentdabidjan.info\/news\/wp-json\/wp\/v2\/categories?post=8633"},{"taxonomy":"post_tag","embeddable":true,"href":"https:\/\/www.lintelligentdabidjan.info\/news\/wp-json\/wp\/v2\/tags?post=8633"}],"curies":[{"name":"wp","href":"https:\/\/api.w.org\/{rel}","templated":true}]}}