{"id":8797,"date":"2018-07-09T09:59:05","date_gmt":"2018-07-09T07:59:05","guid":{"rendered":"http:\/\/www.lintelligentdabidjan.info\/news\/?p=8797"},"modified":"2018-07-09T12:19:46","modified_gmt":"2018-07-09T10:19:46","slug":"la-chronique-du-lundi-ce-que-signifie-le-recent-deplacement-demmanuel-macron-au-nigeria-et-en-mauritanie-ou-comment-enterrer-definitivement-le-mythe-de-la-francafrique","status":"publish","type":"post","link":"https:\/\/www.lintelligentdabidjan.info\/news\/la-chronique-du-lundi-ce-que-signifie-le-recent-deplacement-demmanuel-macron-au-nigeria-et-en-mauritanie-ou-comment-enterrer-definitivement-le-mythe-de-la-francafrique\/","title":{"rendered":"LA CHRONIQUE DU LUNDI CE QUE SIGNIFIE LE RECENT DEPLACEMENT D\u2019EMMANUEL MACRON AU NIGERIA ET EN MAURITANIE OU COMMENT ENTERRER DEFINITIVEMENT LE MYTHE DE LA FRAN\u00c7AFRIQUE"},"content":{"rendered":"<p>Emmanuel Macron vient d\u2019effectuer un d\u00e9placement dans un pays anglophone, le Nig\u00e9ria, et en Mauritanie, l\u2019un des pays du G5 Sahel, engag\u00e9 dans la lutte contre le terrorisme. Dans le deux pays, les discussions ont port\u00e9 sur des questions de s\u00e9curit\u00e9, de d\u00e9veloppement et sur la culture africaine. <!--more-->Emmanuel macron, par touches successives, que viennent \u00e9clairer des discours explicatifs en direction de la jeunesse, souhaite repenser les liens qui unissent la France et l\u2019Afrique, mais aussi l\u2019Europe et l\u2019Afrique. Pour Emmanuel Macron, ce d\u00e9placement au Nigeria et en Mauritanie est une mani\u00e8re de vouloir enterrer d\u00e9finitivement le mythe de la Fran\u00e7afrique en sortant du d\u00e9bat sans fin sur le \u00ab pr\u00e9 carr\u00e9 africain \u00bb, alors que le Pr\u00e9sident fran\u00e7ais ne croit plus au leurre de la toute-puissance de la France en Afrique. Focart l\u2019Africain, l\u2019homme de l\u2019ombre, nous renvoie \u00e0 une certaine \u00e9poque, au vieux monde, dont la derni\u00e8re manifestation a \u00e9t\u00e9 le discours de Dakar de Nicolas Sarkozy, un discours imbib\u00e9 des id\u00e9es de Victor Hugo et de Hegel sur la mission pr\u00e9tendument civilisatrice de l\u2019Occident. Victor Hugo, Hegel, Sarkozy : une m\u00eame mani\u00e8re, sous couvert de bons sentiments, de d\u00e9poss\u00e9der l\u2019Afrique de son Histoire et de son identit\u00e9. La Fran\u00e7afrique, \u00ab C\u2019\u00e9tait ainsi\u2026 \u00bb, disait Focart, \u00e0 ses visiteurs, dans son petit bureau priv\u00e9 de sa maison de Luzarches, sorte de \u00ab case aux f\u00e9tiches \u00bb. Macron, lui, agit en pleine lumi\u00e8re, refusant d\u2019avancer masqu\u00e9, ce qui explique sa volont\u00e9 de s\u2019adresser \u00e0 toute l\u2019Afrique et en particulier \u00e0 la jeunesse africaine avec cette phrase qui revient sans cesse : \u00ab Je suis comme vous d\u2019une g\u00e9n\u00e9ration qui n\u2019a jamais connu l\u2019Afrique comme un continent colonis\u00e9. \u00bb L\u2019adieu \u00e0 la Fran\u00e7afrique devient d\u00e9sormais un \u00ab bonjour l\u2019Afrique, bonjour, jeunesse africaine \u00bb ! On note la volont\u00e9 de Macron de sortir des lieux convenus des rencontres protocolaires. Il se rendra \u00e0 l\u2019universit\u00e9 de Ouagadougou, qu\u2019on lui a pr\u00e9sent\u00e9e comme \u00ab un amphith\u00e9\u00e2tre marxiste et panafricain. \u00bb Il s\u2019est donc dit : \u00ab C\u2019est peut-\u00eatre l\u2019endroit o\u00f9 je dois aller pour m\u2019exprimer. \u00bb A Lagos, au Nigeria, il se rend dans l\u2019un des hauts lieux de la culture nig\u00e9riane, le Shrine, la salle du concert de Fela Kuti, le fondateur de l\u2019Afrobeat. Il y esquissera quelques pas de danse, en hommage \u00e0 la culture africaine.<\/p>\n<h2><strong>La visite en Mauritanie<\/strong><\/h2>\n<p>Cette visite s\u2019est faite en marge du 31e sommet de l\u2019Union africaine, qui s\u2019est tenu \u00e0 Nouakchott. Il s\u2019agit de la premi\u00e8re visite d\u2019un chef de l\u2019\u00c9tat fran\u00e7ais depuis Jacques Chirac, en 1997. La composition de la d\u00e9l\u00e9gation fran\u00e7aise indique les deux axes de discussions prioritaires, la s\u00e9curit\u00e9 avec les ministres Jean-Yves Le Drian (Europe et Affaires \u00e9trang\u00e8res) et Florence Parly (Arm\u00e9es), et le d\u00e9veloppement avec le patron de l\u2019Agence fran\u00e7aise de d\u00e9veloppement (AFD), R\u00e9my Rioux. Une mission du Medef International suivra, du 9 au 11 juillet.<\/p>\n<p>Dans tous les domaines, selon Emmanuel macron qui travaille sur un financement conjoint UA-ONU, \u00ab L\u2019Union Africaine doit mettre la main \u00e0 la poche \u00bb, car se pose la question de la prise en charge des op\u00e9rations de maintien de la paix, les Nations unies refusant de financer les forces du G5 Sahel.<\/p>\n<p>Mais, Macron ne s\u2019est pas content\u00e9 de parler de s\u00e9curit\u00e9 avec la Mauritanie, il a \u00e9t\u00e9 question de d\u00e9veloppement (il \u00e9tait initialement pr\u00e9vu d\u2019aller \u00e0 Kiffa, afin d\u2019inaugurer une centrale solaire financ\u00e9e par l\u2019AFD) et de culture. Sans que ce soit une anecdote, notons que Mohamed Ould Abdelaziz a offert un d\u00eener en plein air \u00e0 Ribat El Bahr, \u00e0 l\u2019ouest de Nouakchott. C\u2019est la premi\u00e8re fois qu\u2019un pr\u00e9sident mauritanien offre \u00e0 l\u2019un de ses homologues un tel d\u00eener \u00ab sous la tente \u00bb, l\u2019\u00c9lys\u00e9e souhaitant rendre hommage \u00e0 la culture et aux traditions mauritaniennes.<\/p>\n<h2><strong>La visite au Nigeria<\/strong><\/h2>\n<p>Apr\u00e8s son passage en Mauritanie, o\u00f9 il a rencontr\u00e9 les dirigeants de la force du G5 Sahel, Emmanuel Macron s\u2019est rendu \u00e0 Abuja, la capitale f\u00e9d\u00e9rale du Nigeria, avec, pour objectif, de tisser des liens plus \u00e9troits avec l&#8217;Afrique anglophone. Comment ignorer les grands pays anglophones que sont le Nigeria et l\u2019Afrique du Sud ? Macron fait tout pour sortir de l\u2019ancien \u00ab pr\u00e9 carr\u00e9 \u00bb de l\u2019Afrique francophone et rapprocher la France de l\u2019Afrique anglophone. Les raisons \u00e9conomiques sont \u00e9videntes, le Nigeria \u00e9tant un partenaire indispensable pour la France avec un march\u00e9 de 180 millions de personnes et le pays, avec une production globale de quelque 2 millions de barils\/jour, repr\u00e9sente plus de 10 % de la production du groupe fran\u00e7ais Total. Mais, les questions de s\u00e9curit\u00e9 se posent aussi avec la menace permanente de Boko Haram. Fait notable, Emmanuel Macron a insist\u00e9 sur le rayonnement culturel de l\u2019Afrique et l\u2019importance de la diplomatie culturelle. A Lagos, lors d\u2019une visite qui concernait le rayonnement artistique et culturel de la ville, Emmanuel Macron a officiellement lanc\u00e9 la Saison des cultures africaines qui se tiendra en France en 2020. Macron connaissait Lagos pour y avoir effectu\u00e9, il y a seize ans, alors qu\u2019il \u00e9tait \u00e9l\u00e8ve de l\u2019ENA, son stage \u00e0 l\u2019ambassade de France. Il avait d\u00e9couvert le formidable dynamisme de la culture nig\u00e9riane. Se rendre dans l\u2019un des hauts lieux de la culture nig\u00e9riane, la mythique salle de concert du Shrine, ne rel\u00e8ve donc pas de l\u2019anecdote \u00ab people \u00bb. Avant de se rendre au Shrine, Macron a d\u00e9clar\u00e9 : \u00ab Il faut donner \u00e0 voir la vitalit\u00e9 de la culture africaine, dont le Nigeria est une vitrine \u00bb. En France, on ignore que Nollywwood, l\u2019industrie cin\u00e9matographique du Nigeria, est la deuxi\u00e8me au monde en termes de production. Lors de son \u00ab discours fondateur \u00bb de Ouagadougou, d\u00e9clinant sa strat\u00e9gie pour relancer les relations entre la France et l\u2019Afrique, Macron avait insist\u00e9 sur \u00ab une strat\u00e9gie culturelle et artistique qui remette l\u2019Afrique \u00bb au centre, pr\u00e9cisant que \u00ab nous avons besoin que les Africains parlent eux-m\u00eames de l\u2019Afrique \u00bb.<br \/>\nOn voit comment, peu \u00e0 peu, Emmanuel Macron tente de redessiner et consolider les liens qui unissent l\u2019Afrique, toute l\u2019Afrique, \u00e0 la France. Pour redessiner et consolider ces liens, on parle beaucoup de d\u00e9veloppement \u00e9conomique et de s\u00e9curit\u00e9, on oublie souvent l\u2019importance que Macron accorde \u00e0 l\u2019identit\u00e9 culturelle africaine. Aujourd\u2019hui, la jeunesse africaine vit, danse et respire de plus en plus au rythme du g\u00e9nie cr\u00e9ateur de ses propres artistes. D\u2019ailleurs, les regards port\u00e9s sur l\u2019Afrique par les Africains eux-m\u00eames et par le reste du monde sont en train de changer. L\u2019Afrique n\u2019est-elle pas, par ses modes vestimentaires et ses musiques, en train d\u2019influencer la plan\u00e8te enti\u00e8re ?<\/p>\n<p>Christian Gambotti<br \/>\nPr\u00e9sident du think Tank<br \/>\nAfrique &amp; Partage<br \/>\nDirecteur g\u00e9n\u00e9ral de la soci\u00e9t\u00e9 ECFY<br \/>\nDirecteur de la Collection<br \/>\nL\u2019Afrique en marche<\/p>\n<div class=\"fb-comments\" data-width=\"728\" data-numposts=\"50\"><\/div>\n","protected":false},"excerpt":{"rendered":"<p>Emmanuel Macron vient d\u2019effectuer un d\u00e9placement dans un pays anglophone, le Nig\u00e9ria, et en Mauritanie, l\u2019un des pays du G5 Sahel, engag\u00e9 dans la lutte contre le terrorisme. Dans le deux pays, les discussions ont port\u00e9 sur des questions de s\u00e9curit\u00e9, de d\u00e9veloppement et sur la culture africaine.<\/p>\n","protected":false},"author":2,"featured_media":3957,"comment_status":"closed","ping_status":"closed","sticky":false,"template":"","format":"standard","meta":{"_monsterinsights_skip_tracking":false,"_monsterinsights_sitenote_active":false,"_monsterinsights_sitenote_note":"","_monsterinsights_sitenote_category":0,"footnotes":""},"categories":[18,19],"tags":[],"class_list":["post-8797","post","type-post","status-publish","format-standard","has-post-thumbnail","hentry","category-economie","category-libres-opinions"],"_links":{"self":[{"href":"https:\/\/www.lintelligentdabidjan.info\/news\/wp-json\/wp\/v2\/posts\/8797","targetHints":{"allow":["GET"]}}],"collection":[{"href":"https:\/\/www.lintelligentdabidjan.info\/news\/wp-json\/wp\/v2\/posts"}],"about":[{"href":"https:\/\/www.lintelligentdabidjan.info\/news\/wp-json\/wp\/v2\/types\/post"}],"author":[{"embeddable":true,"href":"https:\/\/www.lintelligentdabidjan.info\/news\/wp-json\/wp\/v2\/users\/2"}],"replies":[{"embeddable":true,"href":"https:\/\/www.lintelligentdabidjan.info\/news\/wp-json\/wp\/v2\/comments?post=8797"}],"version-history":[{"count":2,"href":"https:\/\/www.lintelligentdabidjan.info\/news\/wp-json\/wp\/v2\/posts\/8797\/revisions"}],"predecessor-version":[{"id":8807,"href":"https:\/\/www.lintelligentdabidjan.info\/news\/wp-json\/wp\/v2\/posts\/8797\/revisions\/8807"}],"wp:featuredmedia":[{"embeddable":true,"href":"https:\/\/www.lintelligentdabidjan.info\/news\/wp-json\/wp\/v2\/media\/3957"}],"wp:attachment":[{"href":"https:\/\/www.lintelligentdabidjan.info\/news\/wp-json\/wp\/v2\/media?parent=8797"}],"wp:term":[{"taxonomy":"category","embeddable":true,"href":"https:\/\/www.lintelligentdabidjan.info\/news\/wp-json\/wp\/v2\/categories?post=8797"},{"taxonomy":"post_tag","embeddable":true,"href":"https:\/\/www.lintelligentdabidjan.info\/news\/wp-json\/wp\/v2\/tags?post=8797"}],"curies":[{"name":"wp","href":"https:\/\/api.w.org\/{rel}","templated":true}]}}