{"id":8849,"date":"2018-07-11T16:54:22","date_gmt":"2018-07-11T14:54:22","guid":{"rendered":"http:\/\/www.lintelligentdabidjan.info\/news\/?p=8849"},"modified":"2018-07-11T17:11:12","modified_gmt":"2018-07-11T15:11:12","slug":"alafe-wakili-fondateur-de-lintelligent-dabidjan-le-combat-dun-patron-de-presse-africain-2","status":"publish","type":"post","link":"https:\/\/www.lintelligentdabidjan.info\/news\/alafe-wakili-fondateur-de-lintelligent-dabidjan-le-combat-dun-patron-de-presse-africain-2\/","title":{"rendered":"Alaf\u00e9 Wakili (fondateur de L\u2019Intelligent d\u2019Abidjan): le combat d\u2019un patron de presse africain"},"content":{"rendered":"<p><iframe loading=\"lazy\" width=\"728\" height=\"415\" src=\"https:\/\/www.youtube.com\/embed\/gsyRF-kcukA\" frameborder=\"0\" allow=\"autoplay; encrypted-media\" allowfullscreen><\/iframe><br \/>\nL&#8217;Opinion &#8211; Le patron de presse ivoirien organise le 7 septembre un diner de gala pour le quinzi\u00e8me anniversaire de la cr\u00e9ation de son quotidien au Palais des Congr\u00e8s du Sofitel l\u2019H\u00f4tel Ivoire \u00e0 Abidjan. Une occasion de remettre des r\u00e9compenses \u00e0 des promoteurs de la libert\u00e9 de la presse, qu\u2019ils soient journalistes, parrains politiques ou hommes d\u2019affaires. Ce diner sera pr\u00e9c\u00e9d\u00e9e d\u2019un forum sur le secteur des m\u00e9dias en C\u00f4te d\u2019Ivoire en pr\u00e9sence de journalistes ivoiriens et \u00e9ditorialistes fran\u00e7ais et africains. <\/p>\n<p>Un concert populaire de l\u2019\u00e9toile montante de la musique Rumba et de sonorit\u00e9s nouvelles, H\u00e9ritier Watanab\u00e9, se tiendra le lendemain au Palais de la Culture de Treichville. De passage \u00e0 L\u2019Opinion, Alaf\u00e9 Wakili dresse les d\u00e9fis de la presse africaine, les \u00e9volutions du mod\u00e8le \u00e9conomique avec la mont\u00e9e en puissance du num\u00e9rique, un nouvel outil d\u2019influence, et \u00e9voque le cadre r\u00e9glementaire d\u2019exercice des m\u00e9dias en C\u00f4te d\u2019Ivoire.<\/p>\n<div class=\"fb-comments\" data-width=\"728\" data-numposts=\"50\"><\/div>\n","protected":false},"excerpt":{"rendered":"<p>L&#8217;Opinion &#8211; Le patron de presse ivoirien organise le 7 septembre un diner de gala pour le quinzi\u00e8me anniversaire de la cr\u00e9ation de son quotidien au Palais des Congr\u00e8s du Sofitel l\u2019H\u00f4tel Ivoire \u00e0 Abidjan. Une occasion de remettre des r\u00e9compenses \u00e0 des promoteurs de la libert\u00e9 de la presse, qu\u2019ils soient journalistes, parrains politiques [&hellip;]<\/p>\n","protected":false},"author":1,"featured_media":8850,"comment_status":"closed","ping_status":"closed","sticky":false,"template":"","format":"video","meta":{"_monsterinsights_skip_tracking":false,"_monsterinsights_sitenote_active":false,"_monsterinsights_sitenote_note":"","_monsterinsights_sitenote_category":0,"footnotes":""},"categories":[457],"tags":[],"class_list":["post-8849","post","type-post","status-publish","format-video","has-post-thumbnail","hentry","category-liatv","post_format-post-format-video"],"_links":{"self":[{"href":"https:\/\/www.lintelligentdabidjan.info\/news\/wp-json\/wp\/v2\/posts\/8849","targetHints":{"allow":["GET"]}}],"collection":[{"href":"https:\/\/www.lintelligentdabidjan.info\/news\/wp-json\/wp\/v2\/posts"}],"about":[{"href":"https:\/\/www.lintelligentdabidjan.info\/news\/wp-json\/wp\/v2\/types\/post"}],"author":[{"embeddable":true,"href":"https:\/\/www.lintelligentdabidjan.info\/news\/wp-json\/wp\/v2\/users\/1"}],"replies":[{"embeddable":true,"href":"https:\/\/www.lintelligentdabidjan.info\/news\/wp-json\/wp\/v2\/comments?post=8849"}],"version-history":[{"count":2,"href":"https:\/\/www.lintelligentdabidjan.info\/news\/wp-json\/wp\/v2\/posts\/8849\/revisions"}],"predecessor-version":[{"id":8852,"href":"https:\/\/www.lintelligentdabidjan.info\/news\/wp-json\/wp\/v2\/posts\/8849\/revisions\/8852"}],"wp:featuredmedia":[{"embeddable":true,"href":"https:\/\/www.lintelligentdabidjan.info\/news\/wp-json\/wp\/v2\/media\/8850"}],"wp:attachment":[{"href":"https:\/\/www.lintelligentdabidjan.info\/news\/wp-json\/wp\/v2\/media?parent=8849"}],"wp:term":[{"taxonomy":"category","embeddable":true,"href":"https:\/\/www.lintelligentdabidjan.info\/news\/wp-json\/wp\/v2\/categories?post=8849"},{"taxonomy":"post_tag","embeddable":true,"href":"https:\/\/www.lintelligentdabidjan.info\/news\/wp-json\/wp\/v2\/tags?post=8849"}],"curies":[{"name":"wp","href":"https:\/\/api.w.org\/{rel}","templated":true}]}}