{"id":9158,"date":"2018-08-01T09:09:29","date_gmt":"2018-08-01T07:09:29","guid":{"rendered":"http:\/\/www.lintelligentdabidjan.info\/news\/?p=9158"},"modified":"2018-08-01T09:09:29","modified_gmt":"2018-08-01T07:09:29","slug":"lutte-contre-la-contrefacon-ben-nfaly-salue-la-decision-gouvernement","status":"publish","type":"post","link":"https:\/\/www.lintelligentdabidjan.info\/news\/lutte-contre-la-contrefacon-ben-nfaly-salue-la-decision-gouvernement\/","title":{"rendered":"Lutte contre la contrefa\u00e7on : Ben N\u2019Faly salue la d\u00e9cision gouvernement"},"content":{"rendered":"<p>Ben N\u2019Faly, pr\u00e9sident de la F\u00e9d\u00e9ration Ivoirienne des consommateurs \u2018\u2019le R\u00e9veil\u2019\u2019 a fait une d\u00e9claration le mardi 31 juillet 2018, \u00e0 la salle de conf\u00e9rence de la mairie d\u2019Adjam\u00e9.<!--more--><br \/>\nDans cette d\u00e9claration, il salue le gouvernement ivoirien pour le d\u00e9cret N\u00b0 2017-567 portant approbation des conventions de concession du service public de v\u00e9rification de la conformit\u00e9 des produits embarqu\u00e9s \u00e0 destination de la C\u00f4te d\u2019Ivoire, afin d\u2019assurer la protection des consommateurs et de l\u2019environnement. Selon lui, ce d\u00e9cret s\u2019inscrit dans la vision de la structure qu\u2019il dirige. \u00ab Ce d\u00e9cret est l\u2019aboutissement de notre combat \u00e0 travers les cris du c\u0153ur que nous avons toujours lanc\u00e9s au gouvernement afin de sauver les consommateurs que nous sommes. Car nos march\u00e9s sont envahis par des produits contrefaits avec des informations erron\u00e9es qui nuisent gravement \u00e0 notre sant\u00e9 et notre s\u00e9curit\u00e9 \u00bb, a fait remarquer Ben N\u2019Faly. Et d\u2019ajouter : \u00ab \u00c0 ce jour, aucun consommateur ne peut faire la diff\u00e9rence entre le vrai et le faux. Nous avons tr\u00e8s peur que notre pays ne devienne la poubelle de l\u2019Afrique de l\u2019Ouest avec des produits contrefaits et d\u00e9vers\u00e9s sur nos march\u00e9s. C\u2019est pour cela que nous remercions les efforts du gouvernement plus pr\u00e9cis\u00e9ment le minist\u00e8re du Commerce pour l\u2019application de ce d\u00e9cret de protection \u00bb. Pour terminer Ben N\u2019Faly a demand\u00e9 au gouvernement de ne pas c\u00e9der aux sir\u00e8nes de chantage de certains faussaires et pourfendeurs de l\u2019\u00e9conomie tapis dans l\u2019ombre. (\u2026) : \u00abSeuls les int\u00e9r\u00eats du consommateur doivent primer dans nos prises de d\u00e9cisions. Nous demandons \u00e0 ceux qui tenteront des actions \u00e0 l\u2019encontre de ce d\u00e9cret de se ressaisir, faute de quoi, la r\u00e9plique des consommateurs sera fatale\u00bb.<br \/>\n<em><strong>MO avec GK<\/strong><\/em><\/p>\n","protected":false},"excerpt":{"rendered":"<p>Ben N\u2019Faly, pr\u00e9sident de la F\u00e9d\u00e9ration Ivoirienne des consommateurs \u2018\u2019le R\u00e9veil\u2019\u2019 a fait une d\u00e9claration le mardi 31 juillet 2018, \u00e0 la salle de conf\u00e9rence de la mairie d\u2019Adjam\u00e9.<\/p>\n","protected":false},"author":2,"featured_media":3495,"comment_status":"closed","ping_status":"closed","sticky":false,"template":"","format":"standard","meta":{"_monsterinsights_skip_tracking":false,"_monsterinsights_sitenote_active":false,"_monsterinsights_sitenote_note":"","_monsterinsights_sitenote_category":0,"footnotes":""},"categories":[3],"tags":[],"class_list":["post-9158","post","type-post","status-publish","format-standard","has-post-thumbnail","hentry","category-societe"],"_links":{"self":[{"href":"https:\/\/www.lintelligentdabidjan.info\/news\/wp-json\/wp\/v2\/posts\/9158","targetHints":{"allow":["GET"]}}],"collection":[{"href":"https:\/\/www.lintelligentdabidjan.info\/news\/wp-json\/wp\/v2\/posts"}],"about":[{"href":"https:\/\/www.lintelligentdabidjan.info\/news\/wp-json\/wp\/v2\/types\/post"}],"author":[{"embeddable":true,"href":"https:\/\/www.lintelligentdabidjan.info\/news\/wp-json\/wp\/v2\/users\/2"}],"replies":[{"embeddable":true,"href":"https:\/\/www.lintelligentdabidjan.info\/news\/wp-json\/wp\/v2\/comments?post=9158"}],"version-history":[{"count":1,"href":"https:\/\/www.lintelligentdabidjan.info\/news\/wp-json\/wp\/v2\/posts\/9158\/revisions"}],"predecessor-version":[{"id":9159,"href":"https:\/\/www.lintelligentdabidjan.info\/news\/wp-json\/wp\/v2\/posts\/9158\/revisions\/9159"}],"wp:featuredmedia":[{"embeddable":true,"href":"https:\/\/www.lintelligentdabidjan.info\/news\/wp-json\/wp\/v2\/media\/3495"}],"wp:attachment":[{"href":"https:\/\/www.lintelligentdabidjan.info\/news\/wp-json\/wp\/v2\/media?parent=9158"}],"wp:term":[{"taxonomy":"category","embeddable":true,"href":"https:\/\/www.lintelligentdabidjan.info\/news\/wp-json\/wp\/v2\/categories?post=9158"},{"taxonomy":"post_tag","embeddable":true,"href":"https:\/\/www.lintelligentdabidjan.info\/news\/wp-json\/wp\/v2\/tags?post=9158"}],"curies":[{"name":"wp","href":"https:\/\/api.w.org\/{rel}","templated":true}]}}