{"id":9211,"date":"2018-08-04T19:56:03","date_gmt":"2018-08-04T17:56:03","guid":{"rendered":"http:\/\/www.lintelligentdabidjan.info\/news\/?p=9211"},"modified":"2018-08-06T13:01:11","modified_gmt":"2018-08-06T11:01:11","slug":"revelations-exclusives-sur-la-meteo-politique-ouattara-et-bedie-se-font-des-concessions-mais-ca-coince-encore-cote-divoire","status":"publish","type":"post","link":"https:\/\/www.lintelligentdabidjan.info\/news\/revelations-exclusives-sur-la-meteo-politique-ouattara-et-bedie-se-font-des-concessions-mais-ca-coince-encore-cote-divoire\/","title":{"rendered":"R\u00e9v\u00e9lations exclusives sur la m\u00e9t\u00e9o politique : Ouattara et B\u00e9di\u00e9 se font des concessions mais \u00e7a coince encore, C\u00f4te d\u2019Ivoire"},"content":{"rendered":"<p>Manier le b\u00e2ton et la carotte : telle est la strat\u00e9gie adopt\u00e9e par le chef de l\u2019\u00c9tat ivoirien, Alassane Ouattara, dans la guerre des nefs en cours avec son a\u00een\u00e9 Henri Konan B\u00e9di\u00e9, Pr\u00e9sident du Pdci. <!--more--><\/p>\n<blockquote><p>[ Le b\u00e2ton et la carotte chez Ouattara ]<\/p><\/blockquote>\n<p>Le b\u00e2ton, c\u2019est la r\u00e9vocation de No\u00ebl Akossi Bendjo, c\u2019est le projet de limogeage en cours d\u2019une dizaine de DG et PCA Pdci anti-Rhdp. C\u2019est m\u00eame \u00e0 terme, le d\u00e9barquement des Pr\u00e9sidents du S\u00e9nat, du Conseil \u00e9conomique et Social, de la Cei, et la s\u00e9paration d\u2019avec tout ce qui est Pdci au sein de l\u2019appareil d\u2019 \u00c9tat, s\u2019agissant des nominations d\u00e9pendant de l\u2019ex\u00e9cutif.<\/p>\n<p>La carotte, c\u2019est des mesures de d\u00e9crispation g\u00e9n\u00e9rale, comme l\u2019amnistie envisag\u00e9e et des annonces de lib\u00e9ration de prisonniers li\u00e9s \u00e0 la crise post \u00e9lectorale, c\u2019est le projet de relance du dialogue politique et r\u00e9publicain, avec l\u2019ensemble de l\u2019opposition, et la classe politique ivoirienne, au del\u00e0 du Pdci Rda. La carotte c\u2019est aussi cr\u00e9er un nouveau consensus national, une sorte de large consensus autour de la Nation, et de la question de la r\u00e9conciliation entre fils et filles du pays.<\/p>\n<p>Mais la carotte avec le Pdci, c\u2019est aussi le message pass\u00e9 au Pr\u00e9sident B\u00e9di\u00e9 en vue d\u2019une rencontre au sommet avant m\u00eame le message \u00e0 la Nation, c\u2019est \u00e0 dire avant le 6 ao\u00fbt 2018. Une rencontre pour d\u00e9crisper les ivoiriens et l\u2019opinion internationale; une rencontre qui ne viserait pas \u00e0 r\u00e9soudre aussit\u00f4t les questions qui f\u00e2chent ( alternance en 2020 au profit du Pdci ), mais qui serait un signal. En pr\u00e9lude \u00e0 cette rencontre, le chef de l\u2019\u00c9tat ivoirien aurait fait savoir qu\u2019il est d\u2019accord pour que les municipales et r\u00e9gionales \u00e0 venir soient abord\u00e9es en Rhdp groupement politique, au lieu de Rhdp parti unifi\u00e9. L\u2019IA a m\u00eame appris qu\u2019Alassane Ouattara n\u2019a m\u00eame pas exclu pas de remettre le poste de la Pr\u00e9sidence du Rhdp, \u00e0 Henri Konan B\u00e9di\u00e9, suite \u00e0 l\u2019intoxication selon laquelle, apr\u00e8s avoir chass\u00e9 B\u00e9di\u00e9 du pouvoir en 99, il vient encore de le chasser du Rhdp.<\/p>\n<blockquote><p>[ Les concessions de B\u00e9di\u00e9, Bendjo melange tout ]<\/p><\/blockquote>\n<p>De son c\u00f4t\u00e9, le Pr\u00e9sident du Pdci, qui n\u2019envisageait venir \u00e0 Abidjan qu\u2019apr\u00e8s la f\u00eate nationale le 7 ao\u00fbt 2018, a accept\u00e9 de regagner la capitale \u00e9conomique ivoirienne une semaine plus t\u00f4t ( le mercredi 1er ao\u00fbt 2018). B\u00e9di\u00e9 a m\u00eame appel\u00e9 au t\u00e9l\u00e9phone, le Pr\u00e9sident Ouattara pour l\u2019informer de ses intentions. L\u2019IA a appris qu\u2019il avait pr\u00e9vu\u00a0 de se rendre en personne le 7 ao\u00fbt \u00e0 la c\u00e9r\u00e9monie de c\u00e9l\u00e9bration de l f\u00eate nationale, sur le boulevard Giscard d\u2019Estaing, au grand dam des radicaux, et anti Rhdp, qui ont vu dans l\u2019affaire Bendjo, du pain b\u00e9ni, et qui en ont profit\u00e9 pour encore crisper la situation.<\/p>\n<blockquote><p>[ L\u2019affaire Bendjo\u00a0: \u00e9piph\u00e9nom\u00e8ne\u00a0? ]<\/p><\/blockquote>\n<p>Pourtant au niveau du Rdr, des informateurs assurent\u00a0 que le dossier de la r\u00e9vocation du maire du Plateau est un \u00e9piph\u00e9nom\u00e8ne. Ils ajoutent m\u00eame que si le Pr\u00e9sident B\u00e9di\u00e9 entre dans le fond du dossier, il pourrait se raviser , et ne pas faire de la question, une raison suppl\u00e9mentaire de blocage, et de refus de d\u00e9crisper l\u2019atmosph\u00e8re politique dans le pays.<br \/>\n\u00ab\u00a0D\u2019ailleurs, le travail d\u2019inspection et de contr\u00f4le\u00a0 \u00e0 la mairie du Plateau, a d\u00e9but\u00e9 sous Niamien Ngoran, lorsqu\u2019il \u00e9tait inspecteur d\u2019\u00c9tat. L\u2019homme n\u2019appr\u00e9ciait pas la proximit\u00e9 Guikahu\u00e9-Bendjo, et voulait faire plaisir au chef de l\u2019\u00c9tat. C\u2019est lui qui a fournit le glaive pour frapper Bendjo, avec son projet d\u2019audit au Plateau, et dans les structures sous tutelle du minist\u00e8re de l\u2019int\u00e9rieur \u00bb, accusent nos informateurs. L\u2019entourage de l\u2019ex inspecteur d\u2019\u00c9tat, \u00e9galement index\u00e9 au Pdci, pour avoir sous B\u00e9di\u00e9 port\u00e9 plainte contre Guikahue, dans l\u2019affaire des 18 milliards de l\u2019UE d\u00e9ment\u00a0: \u00ab\u00a0C\u2019\u00e9tait juste un projet. L\u2019audit n\u2019a pas d\u00e9marr\u00e9 avec lui, et il n\u2019a pas fait de recommandation quelconque contre Bendjo\u00a0\u00bb.<\/p>\n<blockquote><p>[ Bendjo\u00a0: 250 d\u00e9lib\u00e9rations \u00e0 caract\u00e8re financier en une seule journ\u00e9e ]<\/p><\/blockquote>\n<p>\u00ab En une seule journ\u00e9e, ou plut\u00f4t en une seule s\u00e9ance de Conseil municipal , il a fait 250 d\u00e9lib\u00e9rations \u00e0 caract\u00e8re financier. Du jamais vu \u00e7a\u00a0! Lorsque le dossier sera rendu public, beaucoup auront honte. Nous pensons qu\u2019il y\u2019a des probl\u00e8mes plus importants \u00e0 resoudre, que cette question. Il y avait d\u00e9j\u00e0 probl\u00e8me, de vrais probl\u00e8mes de fonds, qu\u2019on ne nous dise pas que c\u2019est Bendjo le probl\u00e8me, et que son cas va bloquer la recherche de solution. Il y\u2019a eu quand m\u00eame les cas Billon et Niamien N\u2019goran cit\u00e9s par le Pdci m\u00eame. Ceux-l\u00e0 sont-ils moins influents que Bendjo ? Ou bien,\u00a0 est-ce Bendjo le vrai d\u00e9cideur au Pdci? \u00bb, s\u2019interroge un baron du Rdr.<\/p>\n<blockquote><p>[ B\u00e9di\u00e9 manie lui aussi le b\u00e2ton et la carotte ]<\/p><\/blockquote>\n<p>Alassane Ouattara ne semble pas \u00eatre seul \u00e0 manier aussi bien le b\u00e2ton que la carotte\u00a0; car \u00e0 c\u00f4t\u00e9 des concessions du Pr\u00e9sident B\u00e9di\u00e9 ( appel t\u00e9l\u00e9phonique \u00e0 Ouattara effectu\u00e9 , accord pour une rencontre avec Ouattara, et pr\u00e9sence envisag\u00e9e \u00e0 la c\u00e9r\u00e9monie de comm\u00e9moration du 7 ao\u00fbt), il faut noter la s\u00e9rie des d\u00e9cisions prises, des d\u00e9clarations faites, des sanctions prononc\u00e9es, des auto-exclusions constat\u00e9es. Le b\u00e2ton,\u00a0 c\u2019est aussi le la veill\u00e9e d\u2019armes au sein du parti , avec cette alerte d\u2019un pro B\u00e9di\u00e9, qui n\u2019est pas pourtant pas un anti-Rhdp ( ils ne sont pas nombreux \u00e0 \u00eatre dans ce cas, en ce moment )\u00a0:\u00a0 \u00ab\u00a0 Nous pouvons r\u00e9cuser la Cei, nous n\u2019excluons m\u00eame pas de boycotter les municipales et r\u00e9gionales du 13 octobre si \u00e7a continue comme cela. On verra si sans le Fpi, sans le Pdci l\u00e9gal et l\u00e9gitime, le Rdr et ses alli\u00e9s dans le Rhdp unifi\u00e9 peuvent y aller tout seuls , pour consacrer leur ill\u00e9gitimit\u00e9. Si nous rejoignons le camp du boycott o\u00f9 les autres \u00e9taient d\u00e9j\u00e0, c\u2019est la crise politique. Et le Pr\u00e9sident Ouattara n\u2019y gagne rien, tant qu\u2019il n\u2019a pas les moyens de faire sortir du camp de boycott les autres partis significatifs, qui y \u00e9taient\u00bb.<\/p>\n<p>Loin de cette alerte de rupture totale, le camp Ouattara esp\u00e8re de son c\u00f4t\u00e9 faire des \u00e9lections du 13 octobre 2018, un barom\u00e8tre pour se peser , et pour tenter d\u2019obtenir le maximum de r\u00e9gions et de communes, pour relancer les discussions. \u00ab\u00a0Mais l\u2019id\u00e9al est de la faire avec la participation de tous\u00a0\u00bb, confie un observateur qui assure avoir appris que des ind\u00e9pendants pro Soro, pourraient \u00eatre eux aussi tent\u00e9s de se \u00ab\u00a0peser\u00a0\u00bb , en s\u2019engageant dans la comp\u00e9tition.<\/p>\n<blockquote><p>[ M\u00e9t\u00e9o politique agit\u00e9e, anim\u00e9e et color\u00e9e ]<\/p><\/blockquote>\n<p>Pour \u00eatre complet sur la question, et l\u2019usage du b\u00e2ton et de la carotte, un r\u00e9am\u00e9nagement du gouvernement serait m\u00eame en l\u2019air. D\u2019aucuns parlent de la veille des \u00e9lections locales, d\u2019autres annoncent cela pour apr\u00e8s le 13 octobre 2018, pour r\u00e9ajuster les choses sur la base des r\u00e9sultats, qui sortiront des urnes. La m\u00e9t\u00e9o politique ivoirienne, c\u00f4t\u00e9 Rhdp est anim\u00e9e et color\u00e9e. C\u2019est m\u00eame aussi le cas du du c\u00f4t\u00e9 de l\u2019opposition, en particulier les partisans de Laurent Gbagbo\u00a0; ainsi apr\u00e8s Affi N\u2019Guessan la semaine pr\u00e9c\u00e9dente, le camp Sangar\u00e9, est en congr\u00e8s ce week-end dans le village natal de Simone Gbagbo, \u00e0 Moossou.<\/p>\n<blockquote><p>[ La question Fpi\u00a0: Affi ou Sangar\u00e9 ]<\/p><\/blockquote>\n<p>De quoi irriter Pascal Affi N\u2019Guessan. Face \u00e0 une situation similaire il y\u2019a quelques ann\u00e9es , le gouvernement ivoirien avait r\u00e9prim\u00e9 le congr\u00e8s des dissidents. Mais depuis Akur\u00e9 et certaines sorties des dirigeants de la dissidence, le pouvoir d\u2019Abidjan n\u2019a plus le c\u0153ur \u00e0 la matraque. Affi Nguessan d\u00e9nonce un deal, accuse le camp Sangar\u00e9 de collusion avec Ouattara, m\u00eame si celui-ci n\u2019en donne aucun signe, et n\u2019y croit pas du tout malgr\u00e9 les apparences que seul per\u00e7oit, le Pr\u00e9sident du Fpi \u00ab\u00a0l\u00e9gal\u00a0\u00bb . Car en priv\u00e9, des d\u00e9cideurs du camp Ouattara sont encore tr\u00e8s r\u00e9ticents.<\/p>\n<blockquote><p>[ Ouattara totalement en mode Houphou\u00ebtiste, malgr\u00e9 des risques d\u2019isolement ]<\/p><\/blockquote>\n<p>\u00ab\u00a0On va se dire quoi. M\u00eame si on leur donne tout, y compris la lune, ils n\u2019accepteront rien avec nous. Dans tous les cas, le moment du dialogue viendra, car il faut bien s\u2019asseoir pour parler notamment de la nouvelle Cei, et des \u00e9lections de 2020\u00a0\u00bb, l\u00e2che un proche de Ouattara qui avoue avoir commenc\u00e9 \u00e0 recevoir et rencontrer discr\u00e8tement et de faon informelle, des proches de Sangar\u00e9. \u00ab\u00a0 C\u2019est informel et discret, parce que c\u2019est une initiative personnelle, je n\u2019ai pas eu l\u2019accord formel du chef de l\u2019\u00c9tat, qui est totalement en mode Houphou\u00ebtiste, et n\u2019entrevoit d\u2019alliance qu\u2019au niveau du Rhdp jusqu\u2019\u00e0 nouvel ordre. Sur la question, il n\u2019a vraiment pas de plan B\u00a0\u00bb, pr\u00e9cise-t-il, en esp\u00e9rant que le chef de l\u2019\u00c9tat ne fermera aucune porte, ni opportunit\u00e9, pour \u00e9viter l\u2019isolement total qui lui est promis et r\u00e9serv\u00e9 par l\u2019ensemble de ses nombreux adversaires , compte tenu du contexte de crise et de d\u00e9saccords avec B\u00e9di\u00e9, et le Pdci Rda.<\/p>\n<p><em><strong>Charles Kouassi<\/strong> <\/em><\/p>\n<ul>\n<li>Lire aussi : <a href=\"http:\/\/www.lintelligentdabidjan.info\/news\/revelations-exclusives-sur-la-meteo-politique-2-bedie-bel-et-bien-candidat-en-2020\/\">R\u00e9v\u00e9lations exclusives sur la m\u00e9t\u00e9o politique (2) : B\u00e9di\u00e9 bel et bien candidat en 2020<\/a><\/li>\n<\/ul>\n","protected":false},"excerpt":{"rendered":"<p>Manier le b\u00e2ton et la carotte : telle est la strat\u00e9gie adopt\u00e9e par le chef de l\u2019\u00c9tat ivoirien, Alassane Ouattara, dans la guerre des nefs en cours avec son a\u00een\u00e9 Henri Konan B\u00e9di\u00e9, Pr\u00e9sident du Pdci.<\/p>\n","protected":false},"author":2,"featured_media":9214,"comment_status":"closed","ping_status":"closed","sticky":false,"template":"","format":"standard","meta":{"_monsterinsights_skip_tracking":false,"_monsterinsights_sitenote_active":false,"_monsterinsights_sitenote_note":"","_monsterinsights_sitenote_category":0,"footnotes":""},"categories":[2,17],"tags":[],"class_list":["post-9211","post","type-post","status-publish","format-standard","has-post-thumbnail","hentry","category-featured","category-politique"],"_links":{"self":[{"href":"https:\/\/www.lintelligentdabidjan.info\/news\/wp-json\/wp\/v2\/posts\/9211","targetHints":{"allow":["GET"]}}],"collection":[{"href":"https:\/\/www.lintelligentdabidjan.info\/news\/wp-json\/wp\/v2\/posts"}],"about":[{"href":"https:\/\/www.lintelligentdabidjan.info\/news\/wp-json\/wp\/v2\/types\/post"}],"author":[{"embeddable":true,"href":"https:\/\/www.lintelligentdabidjan.info\/news\/wp-json\/wp\/v2\/users\/2"}],"replies":[{"embeddable":true,"href":"https:\/\/www.lintelligentdabidjan.info\/news\/wp-json\/wp\/v2\/comments?post=9211"}],"version-history":[{"count":3,"href":"https:\/\/www.lintelligentdabidjan.info\/news\/wp-json\/wp\/v2\/posts\/9211\/revisions"}],"predecessor-version":[{"id":9238,"href":"https:\/\/www.lintelligentdabidjan.info\/news\/wp-json\/wp\/v2\/posts\/9211\/revisions\/9238"}],"wp:featuredmedia":[{"embeddable":true,"href":"https:\/\/www.lintelligentdabidjan.info\/news\/wp-json\/wp\/v2\/media\/9214"}],"wp:attachment":[{"href":"https:\/\/www.lintelligentdabidjan.info\/news\/wp-json\/wp\/v2\/media?parent=9211"}],"wp:term":[{"taxonomy":"category","embeddable":true,"href":"https:\/\/www.lintelligentdabidjan.info\/news\/wp-json\/wp\/v2\/categories?post=9211"},{"taxonomy":"post_tag","embeddable":true,"href":"https:\/\/www.lintelligentdabidjan.info\/news\/wp-json\/wp\/v2\/tags?post=9211"}],"curies":[{"name":"wp","href":"https:\/\/api.w.org\/{rel}","templated":true}]}}