{"id":924,"date":"2016-10-24T02:17:21","date_gmt":"2016-10-24T00:17:21","guid":{"rendered":"http:\/\/www.lintelligentdabidjan.info\/news\/?p=924"},"modified":"2016-10-24T02:17:21","modified_gmt":"2016-10-24T00:17:21","slug":"cours-du-mercredi-le-ministere-de-leducation-nationale-annonce-la-levee-de-la-greve-des-instituteurs-mesmin-comoe-reagit","status":"publish","type":"post","link":"https:\/\/www.lintelligentdabidjan.info\/news\/cours-du-mercredi-le-ministere-de-leducation-nationale-annonce-la-levee-de-la-greve-des-instituteurs-mesmin-comoe-reagit\/","title":{"rendered":"Cours du mercredi Le minist\u00e8re de l\u2019Education Nationale annonce la lev\u00e9e de la gr\u00e8ve des instituteurs, Mesmin Como\u00e9 r\u00e9agit"},"content":{"rendered":"<p>Selon une note du minist\u00e8re de l\u2019Education Nationale re\u00e7u le dimanche 23 octobre 2016, l\u2019intersyndical de l\u2019enseignement primaire et secondaire a lev\u00e9 le mot d\u2019ordre de boycott des cours de mercredi le vendredi 21 octobre \u00e0 l\u2019issue d\u2019une rencontre avec Kandia Camara, ministre de l\u2019Education Nationale.<!--more--><\/p>\n<p> Au cours de cette rencontre, nous a appris le minist\u00e8re, d\u2019autres d\u00e9cisions importantes ont \u00e9t\u00e9 arr\u00eat\u00e9es. Il s\u2019agit notamment de la mise sur pied d\u2019un comit\u00e9 de dialogue social qui d\u00e9butera dans le courant de la semaine du 24 octobre 2016. Ce comit\u00e9 sera dirig\u00e9 par le Directeur de cabinet du MEN. En attendant la nomination des membres du comit\u00e9, il a \u00e9t\u00e9 admis  que des syndicats d\u2019enseignants, d\u2019inspecteurs, des repr\u00e9sentants du minist\u00e8re de la Fonction publique et de la Modernisation de l\u2019administration en feront partie. Ce comit\u00e9, r\u00e9v\u00e8le la ministre, sera un cadre d\u2019\u00e9changes technique sur l\u2019am\u00e9lioration des emplois du temps et un espace de r\u00e9flexion sur l\u2019opportunit\u00e9 de la r\u00e9forme du rythme scolaire. En revanche, poursuit la note, l\u2019arr\u00eat\u00e9 minist\u00e9riel portant augmentation de la semaine scolaire ne sera pas sujet aux d\u00e9bats. De sorte que la semaine scolaire de quatre jours et demi ne subira pas de changements conform\u00e9ment aux dispositions ant\u00e9rieures qui ont pr\u00e9sid\u00e9s \u00e0 son application. Les dol\u00e9ances relatives \u00e0 la lev\u00e9e des sanctions contre les directeurs d\u2019\u00e9coles et les patrons de syndicats mut\u00e9s \u00e0 l\u2019int\u00e9rieur du pays n\u2019ont pas re\u00e7u une suite favorable de la part de Mme la Ministre, qui a insist\u00e9 pour que tous ceux qui ont \u00e9t\u00e9 mut\u00e9s aillent rejoindre leurs postes.  Aussi, a-t-elle pr\u00e9cis\u00e9 que les directeurs d\u2019\u00e9coles sont ses collaborateurs directs. A ce titre, ils n\u2019ont pas le droit d\u2019appartenir \u00e0 un syndicat. Joint au t\u00e9l\u00e9phone le secr\u00e9taire g\u00e9n\u00e9ral du Mouvement des instituteurs pour la D\u00e9fense de leurs Droits, Mesmin Como\u00e9 a dit ne pas \u00eatre au courant de la lev\u00e9e de la gr\u00e8ve contre l\u2019instauration des cours du mercredi matin. D\u2019ailleurs, il a annonc\u00e9 pour ce lundi 24 octobre 2016, une rencontre avec les autres syndicats pour lever ou non la gr\u00e8ve contre l\u2019instauration de ces cours. \u00ab C\u2019est le minist\u00e8re qui dit que nous avons lev\u00e9 le boycott contre les cours du mercredi. Nous avons \u00e9cout\u00e9 ce que le minist\u00e8re avait \u00e0 dire. Demain, les syndicats se rencontreront pour donner leur point de vue par voie de presse. Pour l\u2019heure, je ne peux pas en dire plus \u00bb.  <\/p>\n<p>MB<\/p>\n","protected":false},"excerpt":{"rendered":"<p>Selon une note du minist\u00e8re de l\u2019Education Nationale re\u00e7u le dimanche 23 octobre 2016, l\u2019intersyndical de l\u2019enseignement primaire et secondaire a lev\u00e9 le mot d\u2019ordre de boycott des cours de mercredi le vendredi 21 octobre \u00e0 l\u2019issue d\u2019une rencontre avec Kandia Camara, ministre de l\u2019Education Nationale.<\/p>\n","protected":false},"author":2,"featured_media":925,"comment_status":"closed","ping_status":"closed","sticky":false,"template":"","format":"standard","meta":{"_monsterinsights_skip_tracking":false,"_monsterinsights_sitenote_active":false,"_monsterinsights_sitenote_note":"","_monsterinsights_sitenote_category":0,"footnotes":""},"categories":[3],"tags":[],"class_list":["post-924","post","type-post","status-publish","format-standard","has-post-thumbnail","hentry","category-societe"],"_links":{"self":[{"href":"https:\/\/www.lintelligentdabidjan.info\/news\/wp-json\/wp\/v2\/posts\/924","targetHints":{"allow":["GET"]}}],"collection":[{"href":"https:\/\/www.lintelligentdabidjan.info\/news\/wp-json\/wp\/v2\/posts"}],"about":[{"href":"https:\/\/www.lintelligentdabidjan.info\/news\/wp-json\/wp\/v2\/types\/post"}],"author":[{"embeddable":true,"href":"https:\/\/www.lintelligentdabidjan.info\/news\/wp-json\/wp\/v2\/users\/2"}],"replies":[{"embeddable":true,"href":"https:\/\/www.lintelligentdabidjan.info\/news\/wp-json\/wp\/v2\/comments?post=924"}],"version-history":[{"count":1,"href":"https:\/\/www.lintelligentdabidjan.info\/news\/wp-json\/wp\/v2\/posts\/924\/revisions"}],"predecessor-version":[{"id":926,"href":"https:\/\/www.lintelligentdabidjan.info\/news\/wp-json\/wp\/v2\/posts\/924\/revisions\/926"}],"wp:featuredmedia":[{"embeddable":true,"href":"https:\/\/www.lintelligentdabidjan.info\/news\/wp-json\/wp\/v2\/media\/925"}],"wp:attachment":[{"href":"https:\/\/www.lintelligentdabidjan.info\/news\/wp-json\/wp\/v2\/media?parent=924"}],"wp:term":[{"taxonomy":"category","embeddable":true,"href":"https:\/\/www.lintelligentdabidjan.info\/news\/wp-json\/wp\/v2\/categories?post=924"},{"taxonomy":"post_tag","embeddable":true,"href":"https:\/\/www.lintelligentdabidjan.info\/news\/wp-json\/wp\/v2\/tags?post=924"}],"curies":[{"name":"wp","href":"https:\/\/api.w.org\/{rel}","templated":true}]}}