{"id":978,"date":"2016-10-25T23:10:51","date_gmt":"2016-10-25T21:10:51","guid":{"rendered":"http:\/\/www.lintelligentdabidjan.info\/news\/?p=978"},"modified":"2016-10-25T23:10:51","modified_gmt":"2016-10-25T21:10:51","slug":"le-boycott-des-cours-du-mercredi-nest-pas-encore-leve-les-conditions-de-mesmin-comoe","status":"publish","type":"post","link":"https:\/\/www.lintelligentdabidjan.info\/news\/le-boycott-des-cours-du-mercredi-nest-pas-encore-leve-les-conditions-de-mesmin-comoe\/","title":{"rendered":"Le boycott des cours du mercredi n&#8217;est pas encore lev\u00e9 , les conditions de Mesmin Como\u00e9"},"content":{"rendered":"<p>Le secr\u00e9taire g\u00e9n\u00e9ral du Mouvement des Instituteurs pour la D\u00e9fense de leur Droit (Midd), Mesmin Como\u00e9, a expliqu\u00e9 que son mouvement n\u2019a pas lev\u00e9 le mot d\u2019ordre de boycott.<!--more--><\/p>\n<p> Il l\u2019a fait savoir sur la radio Onuci le mardi 25 octobre 2016 : \u00ab Au niveau de nos diff\u00e9rentes organisations syndicales pr\u00e9scolaires et primaires qui boycottions la journ\u00e9e du mercredi, nous avions souhait\u00e9 aller \u00e0 l\u2019apaisement.  Nous avons cherch\u00e9 \u00e0 rencontrer Mme la ministre de l\u2019Education Nationale, afin de suspendre le mot d\u2019ordre de boycott mais qu\u2019en revanche,  le minist\u00e8re fasse un pas dans le sens de la lev\u00e9e de toutes les mesures r\u00e9pressives prises \u00e0 notre encontre, notamment la d\u00e9mission de tous les directeurs d\u2019\u00e9coles de fa\u00e7on ill\u00e9gale de m\u00eame que la mutation de tous les responsables syndicaux. Je voudrais rappeler au passage que les 23 membres du bureau national du Midd sont tous mut\u00e9s \u00e0 l\u2019int\u00e9rieur du pays, dans des zones tr\u00e8s recul\u00e9es. Dans un tel cas, nous ne pouvons pas parler d\u2019apaisement. Le mot d\u2019ordre ne sera lev\u00e9 d\u00e9finitivement que, lorsque l\u2019ensemble de nos pr\u00e9occupations trouveront une r\u00e9ponse favorable. Aujourd\u2019hui ce n\u2019est plus seulement une question de cours du mercredi, il s\u2019agit du r\u00e8glement de l\u2019ensemble des pr\u00e9occupations, qui sont les n\u00f4tres, \u00e0 savoir la question  des instituteurs adjoints, la question des arri\u00e9r\u00e9s, des libert\u00e9s syndicales de fa\u00e7on fondamentale et la question de la retraite. C\u2019est l\u2019ensemble de ces questions qu\u2019il faudra r\u00e9gler avant que le Midd ne revienne \u00e0 une quelconque r\u00e9vision de sa position \u00bb  <\/p>\n<p> O.R <\/p>\n","protected":false},"excerpt":{"rendered":"<p>Le secr\u00e9taire g\u00e9n\u00e9ral du Mouvement des Instituteurs pour la D\u00e9fense de leur Droit (Midd), Mesmin Como\u00e9, a expliqu\u00e9 que son mouvement n\u2019a pas lev\u00e9 le mot d\u2019ordre de boycott.<\/p>\n","protected":false},"author":2,"featured_media":979,"comment_status":"closed","ping_status":"closed","sticky":false,"template":"","format":"standard","meta":{"_monsterinsights_skip_tracking":false,"_monsterinsights_sitenote_active":false,"_monsterinsights_sitenote_note":"","_monsterinsights_sitenote_category":0,"footnotes":""},"categories":[3],"tags":[],"class_list":["post-978","post","type-post","status-publish","format-standard","has-post-thumbnail","hentry","category-societe"],"_links":{"self":[{"href":"https:\/\/www.lintelligentdabidjan.info\/news\/wp-json\/wp\/v2\/posts\/978","targetHints":{"allow":["GET"]}}],"collection":[{"href":"https:\/\/www.lintelligentdabidjan.info\/news\/wp-json\/wp\/v2\/posts"}],"about":[{"href":"https:\/\/www.lintelligentdabidjan.info\/news\/wp-json\/wp\/v2\/types\/post"}],"author":[{"embeddable":true,"href":"https:\/\/www.lintelligentdabidjan.info\/news\/wp-json\/wp\/v2\/users\/2"}],"replies":[{"embeddable":true,"href":"https:\/\/www.lintelligentdabidjan.info\/news\/wp-json\/wp\/v2\/comments?post=978"}],"version-history":[{"count":1,"href":"https:\/\/www.lintelligentdabidjan.info\/news\/wp-json\/wp\/v2\/posts\/978\/revisions"}],"predecessor-version":[{"id":980,"href":"https:\/\/www.lintelligentdabidjan.info\/news\/wp-json\/wp\/v2\/posts\/978\/revisions\/980"}],"wp:featuredmedia":[{"embeddable":true,"href":"https:\/\/www.lintelligentdabidjan.info\/news\/wp-json\/wp\/v2\/media\/979"}],"wp:attachment":[{"href":"https:\/\/www.lintelligentdabidjan.info\/news\/wp-json\/wp\/v2\/media?parent=978"}],"wp:term":[{"taxonomy":"category","embeddable":true,"href":"https:\/\/www.lintelligentdabidjan.info\/news\/wp-json\/wp\/v2\/categories?post=978"},{"taxonomy":"post_tag","embeddable":true,"href":"https:\/\/www.lintelligentdabidjan.info\/news\/wp-json\/wp\/v2\/tags?post=978"}],"curies":[{"name":"wp","href":"https:\/\/api.w.org\/{rel}","templated":true}]}}