{"id":987,"date":"2016-10-26T00:00:51","date_gmt":"2016-10-25T22:00:51","guid":{"rendered":"http:\/\/www.lintelligentdabidjan.info\/news\/?p=987"},"modified":"2016-10-26T00:00:51","modified_gmt":"2016-10-25T22:00:51","slug":"gonate-charles-koffi-diby-communie-avec-la-population","status":"publish","type":"post","link":"https:\/\/www.lintelligentdabidjan.info\/news\/gonate-charles-koffi-diby-communie-avec-la-population\/","title":{"rendered":"Gonat\u00e9 Charles Koffi Diby communie avec la population"},"content":{"rendered":"<p>La population de Gonat\u00e9, localit\u00e9 cosmopolite o\u00f9 vivent plus d\u2019un millier d\u2019\u00e2mes, s\u2019est mobilis\u00e9e pour r\u00e9server un accueil chaleureux au pr\u00e9sident du Conseil \u00e9conomique et social, Charles Koffi Diby.<!--more--><br \/>\n\u00c0 cette occasion, l\u2019ex-ministre L\u00e9opoldine Ti\u00e9zan Coffie d\u00e9l\u00e9gu\u00e9e d\u00e9partementale du Pdci-Rda et premi\u00e8re vice-pr\u00e9sidente de la coordination d\u00e9partementale du Rhdp a t\u00e9moign\u00e9 la reconnaissance du peuple Gouro de cette sous-pr\u00e9fecture au pr\u00e9sident de la R\u00e9publique Alassane Ouattara pour avoir nomm\u00e9 Charles Koffi Diby \u00e0 la t\u00eate de la quatri\u00e8me  grande institution du pays, qu\u2019est le conseil \u00e9conomique et social. Elle a r\u00e9v\u00e9l\u00e9 que plusieurs personnalit\u00e9s du pays ont pr\u00e9c\u00e9d\u00e9, l&#8217;h\u00f4te du jour  en ce qui concerne une visite \u00e0 Gonat\u00e9 : feu F\u00e9lix Houphou\u00ebt-Boigny, en 1962, le chef de l\u2019\u00c9tat Alassane Ouattara lors de la visite d\u2019\u00c9tat en 2015,  le pr\u00e9sident B\u00e9di\u00e9 en partance pour Man et le PAN Soro Guillaume. Cela est selon elle, le signe de la consid\u00e9ration de ces personnalit\u00e9s pour la localit\u00e9. Elle a remerci\u00e9 Charles Diby pour y avoir effectu\u00e9 sa premi\u00e8re sortie depuis sa nomination.<br \/>\nHeureux de cette consid\u00e9ration et de la forte mobilisation, Charles Koffi Diby a salu\u00e9 les habitants de  Gonat\u00e9 pour leur sens d\u2019hospitalit\u00e9.<\/p>\n<p>BP. Correspondant <\/p>\n","protected":false},"excerpt":{"rendered":"<p>La population de Gonat\u00e9, localit\u00e9 cosmopolite o\u00f9 vivent plus d\u2019un millier d\u2019\u00e2mes, s\u2019est mobilis\u00e9e pour r\u00e9server un accueil chaleureux au pr\u00e9sident du Conseil \u00e9conomique et social, Charles Koffi Diby.<\/p>\n","protected":false},"author":2,"featured_media":988,"comment_status":"closed","ping_status":"closed","sticky":false,"template":"","format":"standard","meta":{"footnotes":""},"categories":[17],"tags":[],"class_list":["post-987","post","type-post","status-publish","format-standard","has-post-thumbnail","hentry","category-politique"],"_links":{"self":[{"href":"https:\/\/www.lintelligentdabidjan.info\/news\/wp-json\/wp\/v2\/posts\/987","targetHints":{"allow":["GET"]}}],"collection":[{"href":"https:\/\/www.lintelligentdabidjan.info\/news\/wp-json\/wp\/v2\/posts"}],"about":[{"href":"https:\/\/www.lintelligentdabidjan.info\/news\/wp-json\/wp\/v2\/types\/post"}],"author":[{"embeddable":true,"href":"https:\/\/www.lintelligentdabidjan.info\/news\/wp-json\/wp\/v2\/users\/2"}],"replies":[{"embeddable":true,"href":"https:\/\/www.lintelligentdabidjan.info\/news\/wp-json\/wp\/v2\/comments?post=987"}],"version-history":[{"count":1,"href":"https:\/\/www.lintelligentdabidjan.info\/news\/wp-json\/wp\/v2\/posts\/987\/revisions"}],"predecessor-version":[{"id":989,"href":"https:\/\/www.lintelligentdabidjan.info\/news\/wp-json\/wp\/v2\/posts\/987\/revisions\/989"}],"wp:featuredmedia":[{"embeddable":true,"href":"https:\/\/www.lintelligentdabidjan.info\/news\/wp-json\/wp\/v2\/media\/988"}],"wp:attachment":[{"href":"https:\/\/www.lintelligentdabidjan.info\/news\/wp-json\/wp\/v2\/media?parent=987"}],"wp:term":[{"taxonomy":"category","embeddable":true,"href":"https:\/\/www.lintelligentdabidjan.info\/news\/wp-json\/wp\/v2\/categories?post=987"},{"taxonomy":"post_tag","embeddable":true,"href":"https:\/\/www.lintelligentdabidjan.info\/news\/wp-json\/wp\/v2\/tags?post=987"}],"curies":[{"name":"wp","href":"https:\/\/api.w.org\/{rel}","templated":true}]}}