{"id":993,"date":"2016-10-26T00:37:17","date_gmt":"2016-10-25T22:37:17","guid":{"rendered":"http:\/\/www.lintelligentdabidjan.info\/news\/?p=993"},"modified":"2016-10-26T00:39:28","modified_gmt":"2016-10-25T22:39:28","slug":"abobo-g2020-mobilise-pour-le-oui","status":"publish","type":"post","link":"https:\/\/www.lintelligentdabidjan.info\/news\/abobo-g2020-mobilise-pour-le-oui\/","title":{"rendered":"Abobo G2020 mobilise pour le &#8220;Oui&#8221;"},"content":{"rendered":"<p> Le mouvement national de la &#8220;G\u00e9n\u00e9ration 2020 Pdci-Rda&#8221;, avec \u00e0 sa t\u00eate Konan N\u2019goran Charles, \u00e9tait le mercredi 19 octobre face \u00e0 la presse pour sensibiliser  les  populations de la commune d\u2019Abobo, \u00e0 voter massivement &#8221;Oui&#8221;  le dimanche 30 octobre 2016. <!--more--><\/p>\n<p>Selon Konan N\u2019goran Charles le Pr\u00e9sident Alassane Ouattara, veut doter la C\u00f4te d\u2019Ivoire d\u2019une nouvelle constitution. Cette  nouvelle loi fondamentale va d\u00e9finitivement d\u00e9barrasser le pays de tout conflit. Sans la paix, rien ne peut se construire. Cette nouvelle ossature juridique est le socle de la paix, de l\u2019unit\u00e9, de la solidarit\u00e9 et du d\u00e9veloppement va permettre \u00e0 la C\u00f4te d\u2019Ivoire d\u2019atteindre son objectif, celui de l\u2019\u00e9mergence \u00e0 l\u2019horizon 2020. Les 70 ans d\u2019anniversaire du Pdci-Rda, et de celui de l\u2019an 02 de l\u2019appel de Daoukro repr\u00e9sentent des symboles forts d\u2019une culture de paix.  C\u2019est aussi une nouvelle g\u00e9n\u00e9ration de citoyens consciencieux. Alors c\u2019est en cela que je lance un appel \u00e0 toute la population ivoirienne d\u2019\u00eatre au rendez-vous du 30 octobre 2016, pour que le \u2018\u2019Oui\u2019\u2019 l&#8217;emporte  pour une nouvelle R\u00e9publique qui va favoriser le retour d\u00e9finitive de la paix en C\u00f4te d\u2019Ivoire. Il dit f\u00e9liciter et encourager tous les grands projets du Rhdp.<\/p>\n<p>T.Z<\/p>\n","protected":false},"excerpt":{"rendered":"<p>Le mouvement national de la &#8220;G\u00e9n\u00e9ration 2020 Pdci-Rda&#8221;, avec \u00e0 sa t\u00eate Konan N\u2019goran Charles, \u00e9tait le mercredi 19 octobre face \u00e0 la presse pour sensibiliser les populations de la commune d\u2019Abobo, \u00e0 voter massivement &#8221;Oui&#8221; le dimanche 30 octobre 2016.<\/p>\n","protected":false},"author":2,"featured_media":995,"comment_status":"closed","ping_status":"closed","sticky":false,"template":"","format":"standard","meta":{"footnotes":""},"categories":[17],"tags":[],"class_list":["post-993","post","type-post","status-publish","format-standard","has-post-thumbnail","hentry","category-politique"],"_links":{"self":[{"href":"https:\/\/www.lintelligentdabidjan.info\/news\/wp-json\/wp\/v2\/posts\/993","targetHints":{"allow":["GET"]}}],"collection":[{"href":"https:\/\/www.lintelligentdabidjan.info\/news\/wp-json\/wp\/v2\/posts"}],"about":[{"href":"https:\/\/www.lintelligentdabidjan.info\/news\/wp-json\/wp\/v2\/types\/post"}],"author":[{"embeddable":true,"href":"https:\/\/www.lintelligentdabidjan.info\/news\/wp-json\/wp\/v2\/users\/2"}],"replies":[{"embeddable":true,"href":"https:\/\/www.lintelligentdabidjan.info\/news\/wp-json\/wp\/v2\/comments?post=993"}],"version-history":[{"count":1,"href":"https:\/\/www.lintelligentdabidjan.info\/news\/wp-json\/wp\/v2\/posts\/993\/revisions"}],"predecessor-version":[{"id":994,"href":"https:\/\/www.lintelligentdabidjan.info\/news\/wp-json\/wp\/v2\/posts\/993\/revisions\/994"}],"wp:featuredmedia":[{"embeddable":true,"href":"https:\/\/www.lintelligentdabidjan.info\/news\/wp-json\/wp\/v2\/media\/995"}],"wp:attachment":[{"href":"https:\/\/www.lintelligentdabidjan.info\/news\/wp-json\/wp\/v2\/media?parent=993"}],"wp:term":[{"taxonomy":"category","embeddable":true,"href":"https:\/\/www.lintelligentdabidjan.info\/news\/wp-json\/wp\/v2\/categories?post=993"},{"taxonomy":"post_tag","embeddable":true,"href":"https:\/\/www.lintelligentdabidjan.info\/news\/wp-json\/wp\/v2\/tags?post=993"}],"curies":[{"name":"wp","href":"https:\/\/api.w.org\/{rel}","templated":true}]}}